{"id":12904,"date":"2023-11-24T15:26:23","date_gmt":"2023-11-24T14:26:23","guid":{"rendered":"https:\/\/letrainjaune.fr\/decouvrir-le-train-jaune\/vie-du-train\/et-tocat-parlar\/"},"modified":"2023-11-24T15:26:27","modified_gmt":"2023-11-24T14:26:27","slug":"et-tocat-parlar","status":"publish","type":"actualite","link":"https:\/\/letrainjaune.fr\/ca\/descobriu-el-train-jaune\/vida-del-tren\/et-tocat-parlar\/","title":{"rendered":"Et toca parlar!"},"content":{"rendered":"\n<h2 class=\"wp-block-heading\">Vols deixar la teva opini\u00f3 sobre el teu viatge al Tren Groc?<\/h2>\n\n<p>\u00c9s possible a partir de l\u2019 <strong>1 de juliol<\/strong> ! Escaneja el codi QR a continuaci\u00f3 i deixa la teva opini\u00f3 per missatge de veu en qualsevol moment! <\/p>\n<figure class=\"wp-block-image size-full\"><a href=https:\/\/letrainjaune.fr\/wp-content\/uploads\/2022\/06\/SNCF-Occitanie-QR-Code-Train-Jaune.png title=\"\" rel=\"prettyPhoto\"><img src=https:\/\/letrainjaune.fr\/wp-content\/uploads\/2022\/06\/SNCF-Occitanie-QR-Code-Train-Jaune.png alt=\"\" title=\"SNCF-Occitanie-QR-Code-Train-Jaune\" width=\"\" class=\"wp-image-8045\"\/><\/a><\/figure>\n<p><strong>Nou: <\/strong>et tornarem a trucar en 48 hores si ho desitjas! <\/p>\n<figure class=\"wp-block-image size-full\"><a href=https:\/\/letrainjaune.fr\/wp-content\/uploads\/2022\/06\/1200x630-facebook-A-VOUS-LA-PAROLE-TRAIN-JAUNE.png title=\"\" rel=\"prettyPhoto\"><img src=https:\/\/letrainjaune.fr\/wp-content\/uploads\/2022\/06\/1200x630-facebook-A-VOUS-LA-PAROLE-TRAIN-JAUNE.png alt=\"\" title=\"1200&#215;630 facebook \u00c0 VOUS LA PAROLE TRAIN JAUNE\" width=\"\" class=\"wp-image-8041\"\/><\/a><\/figure>","protected":false},"featured_media":6542,"template":"","actualite_category":[320],"class_list":["post-12904","actualite","type-actualite","status-publish","has-post-thumbnail","hentry","actualite_category-feed-back-ca"],"acf":[],"yoast_head":"<!-- This site is optimized with the Yoast SEO plugin v25.4 - https:\/\/yoast.com\/wordpress\/plugins\/seo\/ -->\n<title>Et toca parlar! - Dest\u00ed: El Tren Groc<\/title>\n<meta name=\"robots\" content=\"index, follow, max-snippet:-1, max-image-preview:large, max-video-preview:-1\" \/>\n<link rel=\"canonical\" href=\"https:\/\/letrainjaune.fr\/ca\/descobriu-el-train-jaune\/vida-del-tren\/et-tocat-parlar\/\" \/>\n<meta property=\"og:locale\" content=\"ca_ES\" \/>\n<meta property=\"og:type\" content=\"article\" \/>\n<meta property=\"og:title\" content=\"Et toca parlar! - Dest\u00ed: El Tren Groc\" \/>\n<meta property=\"og:description\" content=\"Vols deixar la teva opini\u00f3 sobre el teu viatge al Tren Groc? \u00c9s possible a partir de l\u2019 1 de juliol ! Escaneja el codi QR a continuaci\u00f3 i deixa la teva opini\u00f3 per missatge de veu en qualsevol moment! Nou: et tornarem a trucar en 48 hores si ho desitjas!\" \/>\n<meta property=\"og:url\" content=\"https:\/\/letrainjaune.fr\/ca\/descobriu-el-train-jaune\/vida-del-tren\/et-tocat-parlar\/\" \/>\n<meta property=\"og:site_name\" content=\"Dest\u00ed: El Tren Groc\" \/>\n<meta property=\"article:modified_time\" content=\"2023-11-24T14:26:27+00:00\" \/>\n<meta property=\"og:image\" content=\"https:\/\/letrainjaune.fr\/wp-content\/uploads\/2022\/02\/TrainJaune-ete-@JCMILHET_PNRPC-15-bd.jpg\" \/>\n\t<meta property=\"og:image:width\" content=\"1920\" \/>\n\t<meta property=\"og:image:height\" content=\"1280\" \/>\n\t<meta property=\"og:image:type\" content=\"image\/jpeg\" \/>\n<meta name=\"twitter:card\" content=\"summary_large_image\" \/>\n<script type=\"application\/ld+json\" class=\"yoast-schema-graph\">{\"@context\":\"https:\/\/schema.org\",\"@graph\":[{\"@type\":\"WebPage\",\"@id\":\"https:\/\/letrainjaune.fr\/ca\/descobriu-el-train-jaune\/vida-del-tren\/et-tocat-parlar\/\",\"url\":\"https:\/\/letrainjaune.fr\/ca\/descobriu-el-train-jaune\/vida-del-tren\/et-tocat-parlar\/\",\"name\":\"Et toca parlar! - Dest\u00ed: El Tren Groc\",\"isPartOf\":{\"@id\":\"https:\/\/letrainjaune.fr\/ca\/#website\"},\"primaryImageOfPage\":{\"@id\":\"https:\/\/letrainjaune.fr\/ca\/descobriu-el-train-jaune\/vida-del-tren\/et-tocat-parlar\/#primaryimage\"},\"image\":{\"@id\":\"https:\/\/letrainjaune.fr\/ca\/descobriu-el-train-jaune\/vida-del-tren\/et-tocat-parlar\/#primaryimage\"},\"thumbnailUrl\":\"https:\/\/letrainjaune.fr\/wp-content\/uploads\/2022\/02\/TrainJaune-ete-@JCMILHET_PNRPC-15-bd.jpg\",\"datePublished\":\"2023-11-24T14:26:23+00:00\",\"dateModified\":\"2023-11-24T14:26:27+00:00\",\"breadcrumb\":{\"@id\":\"https:\/\/letrainjaune.fr\/ca\/descobriu-el-train-jaune\/vida-del-tren\/et-tocat-parlar\/#breadcrumb\"},\"inLanguage\":\"ca\",\"potentialAction\":[{\"@type\":\"ReadAction\",\"target\":[\"https:\/\/letrainjaune.fr\/ca\/descobriu-el-train-jaune\/vida-del-tren\/et-tocat-parlar\/\"]}]},{\"@type\":\"ImageObject\",\"inLanguage\":\"ca\",\"@id\":\"https:\/\/letrainjaune.fr\/ca\/descobriu-el-train-jaune\/vida-del-tren\/et-tocat-parlar\/#primaryimage\",\"url\":\"https:\/\/letrainjaune.fr\/wp-content\/uploads\/2022\/02\/TrainJaune-ete-@JCMILHET_PNRPC-15-bd.jpg\",\"contentUrl\":\"https:\/\/letrainjaune.fr\/wp-content\/uploads\/2022\/02\/TrainJaune-ete-@JCMILHET_PNRPC-15-bd.jpg\",\"width\":1920,\"height\":1280},{\"@type\":\"BreadcrumbList\",\"@id\":\"https:\/\/letrainjaune.fr\/ca\/descobriu-el-train-jaune\/vida-del-tren\/et-tocat-parlar\/#breadcrumb\",\"itemListElement\":[{\"@type\":\"ListItem\",\"position\":1,\"name\":\"Benvinguda\",\"item\":\"https:\/\/letrainjaune.fr\/ca\/\"},{\"@type\":\"ListItem\",\"position\":2,\"name\":\"Actualit\u00e9s\",\"item\":\"https:\/\/letrainjaune.fr\/ca\/descobriu-el-train-jaune\/vida-del-tren\/\"},{\"@type\":\"ListItem\",\"position\":3,\"name\":\"Et toca parlar!\"}]},{\"@type\":\"WebSite\",\"@id\":\"https:\/\/letrainjaune.fr\/ca\/#website\",\"url\":\"https:\/\/letrainjaune.fr\/ca\/\",\"name\":\"Dest\u00ed: El Tren Groc\",\"description\":\"Dans les Pyr\u00e9n\u00e9es Catalanes, d\u00e9couvrez ce train sur le plus haut chemin de fer d\u2019Europe.\",\"publisher\":{\"@id\":\"https:\/\/letrainjaune.fr\/ca\/#organization\"},\"potentialAction\":[{\"@type\":\"SearchAction\",\"target\":{\"@type\":\"EntryPoint\",\"urlTemplate\":\"https:\/\/letrainjaune.fr\/ca\/?s={search_term_string}\"},\"query-input\":{\"@type\":\"PropertyValueSpecification\",\"valueRequired\":true,\"valueName\":\"search_term_string\"}}],\"inLanguage\":\"ca\"},{\"@type\":\"Organization\",\"@id\":\"https:\/\/letrainjaune.fr\/ca\/#organization\",\"name\":\"Dest\u00ed: El Tren Groc\",\"url\":\"https:\/\/letrainjaune.fr\/ca\/\",\"logo\":{\"@type\":\"ImageObject\",\"inLanguage\":\"ca\",\"@id\":\"https:\/\/letrainjaune.fr\/ca\/#\/schema\/logo\/image\/\",\"url\":\"https:\/\/letrainjaune.fr\/wp-content\/uploads\/2021\/04\/TJ_logo-TJ-footer.svg\",\"contentUrl\":\"https:\/\/letrainjaune.fr\/wp-content\/uploads\/2021\/04\/TJ_logo-TJ-footer.svg\",\"width\":\"1920\",\"height\":\"9999\",\"caption\":\"Dest\u00ed: El Tren Groc\"},\"image\":{\"@id\":\"https:\/\/letrainjaune.fr\/ca\/#\/schema\/logo\/image\/\"}}]}<\/script>\n<!-- \/ Yoast SEO plugin. -->","yoast_head_json":{"title":"Et toca parlar! - Dest\u00ed: El Tren Groc","robots":{"index":"index","follow":"follow","max-snippet":"max-snippet:-1","max-image-preview":"max-image-preview:large","max-video-preview":"max-video-preview:-1"},"canonical":"https:\/\/letrainjaune.fr\/ca\/descobriu-el-train-jaune\/vida-del-tren\/et-tocat-parlar\/","og_locale":"ca_ES","og_type":"article","og_title":"Et toca parlar! - Dest\u00ed: El Tren Groc","og_description":"Vols deixar la teva opini\u00f3 sobre el teu viatge al Tren Groc? \u00c9s possible a partir de l\u2019 1 de juliol ! Escaneja el codi QR a continuaci\u00f3 i deixa la teva opini\u00f3 per missatge de veu en qualsevol moment! Nou: et tornarem a trucar en 48 hores si ho desitjas!","og_url":"https:\/\/letrainjaune.fr\/ca\/descobriu-el-train-jaune\/vida-del-tren\/et-tocat-parlar\/","og_site_name":"Dest\u00ed: El Tren Groc","article_modified_time":"2023-11-24T14:26:27+00:00","og_image":[{"width":1920,"height":1280,"url":"https:\/\/letrainjaune.fr\/wp-content\/uploads\/2022\/02\/TrainJaune-ete-@JCMILHET_PNRPC-15-bd.jpg","type":"image\/jpeg"}],"twitter_card":"summary_large_image","schema":{"@context":"https:\/\/schema.org","@graph":[{"@type":"WebPage","@id":"https:\/\/letrainjaune.fr\/ca\/descobriu-el-train-jaune\/vida-del-tren\/et-tocat-parlar\/","url":"https:\/\/letrainjaune.fr\/ca\/descobriu-el-train-jaune\/vida-del-tren\/et-tocat-parlar\/","name":"Et toca parlar! - Dest\u00ed: El Tren Groc","isPartOf":{"@id":"https:\/\/letrainjaune.fr\/ca\/#website"},"primaryImageOfPage":{"@id":"https:\/\/letrainjaune.fr\/ca\/descobriu-el-train-jaune\/vida-del-tren\/et-tocat-parlar\/#primaryimage"},"image":{"@id":"https:\/\/letrainjaune.fr\/ca\/descobriu-el-train-jaune\/vida-del-tren\/et-tocat-parlar\/#primaryimage"},"thumbnailUrl":"https:\/\/letrainjaune.fr\/wp-content\/uploads\/2022\/02\/TrainJaune-ete-@JCMILHET_PNRPC-15-bd.jpg","datePublished":"2023-11-24T14:26:23+00:00","dateModified":"2023-11-24T14:26:27+00:00","breadcrumb":{"@id":"https:\/\/letrainjaune.fr\/ca\/descobriu-el-train-jaune\/vida-del-tren\/et-tocat-parlar\/#breadcrumb"},"inLanguage":"ca","potentialAction":[{"@type":"ReadAction","target":["https:\/\/letrainjaune.fr\/ca\/descobriu-el-train-jaune\/vida-del-tren\/et-tocat-parlar\/"]}]},{"@type":"ImageObject","inLanguage":"ca","@id":"https:\/\/letrainjaune.fr\/ca\/descobriu-el-train-jaune\/vida-del-tren\/et-tocat-parlar\/#primaryimage","url":"https:\/\/letrainjaune.fr\/wp-content\/uploads\/2022\/02\/TrainJaune-ete-@JCMILHET_PNRPC-15-bd.jpg","contentUrl":"https:\/\/letrainjaune.fr\/wp-content\/uploads\/2022\/02\/TrainJaune-ete-@JCMILHET_PNRPC-15-bd.jpg","width":1920,"height":1280},{"@type":"BreadcrumbList","@id":"https:\/\/letrainjaune.fr\/ca\/descobriu-el-train-jaune\/vida-del-tren\/et-tocat-parlar\/#breadcrumb","itemListElement":[{"@type":"ListItem","position":1,"name":"Benvinguda","item":"https:\/\/letrainjaune.fr\/ca\/"},{"@type":"ListItem","position":2,"name":"Actualit\u00e9s","item":"https:\/\/letrainjaune.fr\/ca\/descobriu-el-train-jaune\/vida-del-tren\/"},{"@type":"ListItem","position":3,"name":"Et toca parlar!"}]},{"@type":"WebSite","@id":"https:\/\/letrainjaune.fr\/ca\/#website","url":"https:\/\/letrainjaune.fr\/ca\/","name":"Dest\u00ed: El Tren Groc","description":"Dans les Pyr\u00e9n\u00e9es Catalanes, d\u00e9couvrez ce train sur le plus haut chemin de fer d\u2019Europe.","publisher":{"@id":"https:\/\/letrainjaune.fr\/ca\/#organization"},"potentialAction":[{"@type":"SearchAction","target":{"@type":"EntryPoint","urlTemplate":"https:\/\/letrainjaune.fr\/ca\/?s={search_term_string}"},"query-input":{"@type":"PropertyValueSpecification","valueRequired":true,"valueName":"search_term_string"}}],"inLanguage":"ca"},{"@type":"Organization","@id":"https:\/\/letrainjaune.fr\/ca\/#organization","name":"Dest\u00ed: El Tren Groc","url":"https:\/\/letrainjaune.fr\/ca\/","logo":{"@type":"ImageObject","inLanguage":"ca","@id":"https:\/\/letrainjaune.fr\/ca\/#\/schema\/logo\/image\/","url":"https:\/\/letrainjaune.fr\/wp-content\/uploads\/2021\/04\/TJ_logo-TJ-footer.svg","contentUrl":"https:\/\/letrainjaune.fr\/wp-content\/uploads\/2021\/04\/TJ_logo-TJ-footer.svg","width":"1920","height":"9999","caption":"Dest\u00ed: El Tren Groc"},"image":{"@id":"https:\/\/letrainjaune.fr\/ca\/#\/schema\/logo\/image\/"}}]}},"_links":{"self":[{"href":"https:\/\/letrainjaune.fr\/ca\/wp-json\/wp\/v2\/actualite\/12904","targetHints":{"allow":["GET"]}}],"collection":[{"href":"https:\/\/letrainjaune.fr\/ca\/wp-json\/wp\/v2\/actualite"}],"about":[{"href":"https:\/\/letrainjaune.fr\/ca\/wp-json\/wp\/v2\/types\/actualite"}],"version-history":[{"count":1,"href":"https:\/\/letrainjaune.fr\/ca\/wp-json\/wp\/v2\/actualite\/12904\/revisions"}],"predecessor-version":[{"id":12905,"href":"https:\/\/letrainjaune.fr\/ca\/wp-json\/wp\/v2\/actualite\/12904\/revisions\/12905"}],"wp:featuredmedia":[{"embeddable":true,"href":"https:\/\/letrainjaune.fr\/ca\/wp-json\/wp\/v2\/media\/6542"}],"wp:attachment":[{"href":"https:\/\/letrainjaune.fr\/ca\/wp-json\/wp\/v2\/media?parent=12904"}],"wp:term":[{"taxonomy":"actualite_category","embeddable":true,"href":"https:\/\/letrainjaune.fr\/ca\/wp-json\/wp\/v2\/actualite_category?post=12904"}],"curies":[{"name":"wp","href":"https:\/\/api.w.org\/{rel}","templated":true}]}}