{"id":12925,"date":"2023-11-27T16:45:26","date_gmt":"2023-11-27T15:45:26","guid":{"rendered":"https:\/\/letrainjaune.fr\/decouvrir-le-train-jaune\/vie-du-train\/en-directe-des-de-lobra-del-pont-gisclard\/"},"modified":"2024-02-13T12:36:46","modified_gmt":"2024-02-13T11:36:46","slug":"en-directe-des-de-lobra-del-pont-gisclard","status":"publish","type":"actualite","link":"https:\/\/letrainjaune.fr\/ca\/descobriu-el-train-jaune\/vida-del-tren\/en-directe-des-de-lobra-del-pont-gisclard\/","title":{"rendered":"En directe des de l&#8217;obra del pont Gisclard"},"content":{"rendered":"\n<h2 class=\"wp-block-heading\"><\/h2>\n\n<h3 class=\"wp-block-heading\">mitjans d&#8217;abril de 2023<\/h3>\n\n<p>Hem pogut participar en la visita excepcional a les obres de modernitzaci\u00f3 del pont Gisclard de la l\u00ednia del Tren Groc.<\/p>\n\n<p>Al programa d&#8217;aquesta primavera: substituci\u00f3 de 12 cables, desmuntatge de cables d&#8217;amiant. Imagina les restriccions d&#8217;acc\u00e9s per arribar al lloc i transportar el material quan el lloc va comen\u00e7ar sota la neu ! Passem una quinzena d&#8217;obrers (cableristes, t\u00e8cnics de corda, desamiantadors) ben enganxats, disposats a escalar desenes de metres per l&#8217;aire. Molt b\u00e9 a l&#8217;equip.<\/p>\n\n<p>S&#8217;estan fent investigacions amb enginyers nacionals per tal de construir un pla de manteniment per als propers anys. Una segona fase de treball se centrar\u00e0 en la substituci\u00f3 d&#8217;ancoratges, pilones i la seguretat dels accessos a la tardor.<\/p>\n\n<p>Una segona fase dels treballs a la tardor se centrar\u00e0 en la substituci\u00f3 d&#8217;ancoratges, pilones i la seguretat dels accessos.<\/p>\n\n<h2 class=\"wp-block-heading\">El pont de Cassagne, pont de Gisclard<\/h2>\n\n<p>Situat a la poblaci\u00f3 de Plan\u00e8s, el pont de Gisclard va ser constru\u00eft entre 1905 i 1908 per l&#8217;empresa de Ferdinand Arnodin seguint un projecte dissenyat l&#8217;any 1896 pel comandant dels enginyers Albert Gisclard. <strong> \u00c9s l&#8217;\u00fanic pont penjant ferroviari que encara est\u00e0 en servei a Fran\u00e7a. <\/strong>Travessant la T\u00eat, l&#8217;obra, amb una longitud de 253 metres i una llum de 156 metres, t\u00e9 dos pilars de ma\u00e7oneria de 32 i 28 metres d&#8217;al\u00e7ada, rematats cadascun amb un pil\u00f3 met\u00e0l\u00b7lic de 30 metres d&#8217;al\u00e7ada.<\/p>\n\n<p>L&#8217;Estat, la Regi\u00f3 Occit\u00e0nia\/Pirineus-Mediterr\u00e0nia i SNCF R\u00e9seau estan realitzant grans operacions de modernitzaci\u00f3 de la xarxa ferrovi\u00e0ria en el marc del Pla Ferroviari. L&#8217;any 20203, tots els projectes del Tren Groc representen una inversi\u00f3 total de 9,3 milions d&#8217;euros. cofinan\u00e7at per l&#8217;Estat (25%), la Regi\u00f3 Occit\u00e0nia (66,5%) i SNCF R\u00e9seau (8,5%).<\/p>\n<figure class=\"wp-block-image size-large\"><a href=https:\/\/letrainjaune.fr\/wp-content\/uploads\/2023\/04\/20230417_151324-scaled.jpg title=\"\" rel=\"prettyPhoto\"><img src=https:\/\/letrainjaune.fr\/wp-content\/uploads\/2023\/04\/20230417_151324-1920x1440.jpg alt=\"\" title=\"20230417_151324\" width=\"\" class=\"wp-image-9297\"\/><\/a><\/figure>\n<p><\/p>\n<figure class=\"wp-block-gallery columns-2 is-cropped\"><ul class=\"blocks-gallery-grid\"><li class=\"blocks-gallery-item\"><figure><a href=https:\/\/letrainjaune.fr\/wp-content\/uploads\/2023\/04\/20230417_165431-scaled.jpg title=\"\" rel=\"prettyPhoto[pp_gal]\"><img src=https:\/\/letrainjaune.fr\/wp-content\/uploads\/2023\/04\/20230417_165431-640x452.jpg alt=\"\" title=\"20230417_165431\" class=\"wp-image-9268\"\/><\/a><\/figure><\/li><li class=\"blocks-gallery-item\"><figure><a href=https:\/\/letrainjaune.fr\/wp-content\/uploads\/2023\/04\/20230417_145308-1-scaled.jpg title=\"\" rel=\"prettyPhoto[pp_gal]\"><img src=https:\/\/letrainjaune.fr\/wp-content\/uploads\/2023\/04\/20230417_145308-1-640x452.jpg alt=\"\" title=\"20230417_145308-1\" class=\"wp-image-9272\"\/><\/a><\/figure><\/li><li class=\"blocks-gallery-item\"><figure><a href=https:\/\/letrainjaune.fr\/wp-content\/uploads\/2023\/04\/20230417_145344-scaled.jpg title=\"\" rel=\"prettyPhoto[pp_gal]\"><img src=https:\/\/letrainjaune.fr\/wp-content\/uploads\/2023\/04\/20230417_145344-640x452.jpg alt=\"\" title=\"20230417_145344\" class=\"wp-image-9276\"\/><\/a><\/figure><\/li><li class=\"blocks-gallery-item\"><figure><a href=https:\/\/letrainjaune.fr\/wp-content\/uploads\/2023\/04\/20230417_145937-scaled.jpg title=\"\" rel=\"prettyPhoto[pp_gal]\"><img src=https:\/\/letrainjaune.fr\/wp-content\/uploads\/2023\/04\/20230417_145937-640x452.jpg alt=\"\" title=\"20230417_145937\" class=\"wp-image-9280\"\/><\/a><\/figure><\/li><li class=\"blocks-gallery-item\"><figure><a href=https:\/\/letrainjaune.fr\/wp-content\/uploads\/2023\/04\/20230417_150334-scaled.jpg title=\"\" rel=\"prettyPhoto[pp_gal]\"><img src=https:\/\/letrainjaune.fr\/wp-content\/uploads\/2023\/04\/20230417_150334-640x452.jpg alt=\"\" title=\"20230417_150334\" class=\"wp-image-9284\"\/><\/a><\/figure><\/li><li class=\"blocks-gallery-item\"><figure><a href=https:\/\/letrainjaune.fr\/wp-content\/uploads\/2023\/04\/20230417_150643-scaled.jpg title=\"\" rel=\"prettyPhoto[pp_gal]\"><img src=https:\/\/letrainjaune.fr\/wp-content\/uploads\/2023\/04\/20230417_150643-640x452.jpg alt=\"\" title=\"20230417_150643\" class=\"wp-image-9288\"\/><\/a><\/figure><\/li><li class=\"blocks-gallery-item\"><figure><a href=https:\/\/letrainjaune.fr\/wp-content\/uploads\/2023\/04\/20230417_151053-scaled.jpg title=\"\" rel=\"prettyPhoto[pp_gal]\"><img src=https:\/\/letrainjaune.fr\/wp-content\/uploads\/2023\/04\/20230417_151053-640x452.jpg alt=\"\" title=\"20230417_151053\" class=\"wp-image-9292\"\/><\/a><\/figure><\/li><li class=\"blocks-gallery-item\"><figure><a href=https:\/\/letrainjaune.fr\/wp-content\/uploads\/2023\/04\/20230417_151324-scaled.jpg title=\"\" rel=\"prettyPhoto[pp_gal]\"><img src=https:\/\/letrainjaune.fr\/wp-content\/uploads\/2023\/04\/20230417_151324-640x452.jpg alt=\"\" title=\"20230417_151324\" class=\"wp-image-9296\"\/><\/a><\/figure><\/li><li class=\"blocks-gallery-item\"><figure><a href=https:\/\/letrainjaune.fr\/wp-content\/uploads\/2023\/04\/20230417_151358-scaled.jpg title=\"\" rel=\"prettyPhoto[pp_gal]\"><img src=https:\/\/letrainjaune.fr\/wp-content\/uploads\/2023\/04\/20230417_151358-640x452.jpg alt=\"\" title=\"20230417_151358\" class=\"wp-image-9300\"\/><\/a><\/figure><\/li><li class=\"blocks-gallery-item\"><figure><a href=https:\/\/letrainjaune.fr\/wp-content\/uploads\/2023\/04\/20230417_151432-scaled.jpg title=\"\" rel=\"prettyPhoto[pp_gal]\"><img src=https:\/\/letrainjaune.fr\/wp-content\/uploads\/2023\/04\/20230417_151432-640x452.jpg alt=\"\" title=\"20230417_151432\" class=\"wp-image-9304\"\/><\/a><\/figure><\/li><li class=\"blocks-gallery-item\"><figure><a href=https:\/\/letrainjaune.fr\/wp-content\/uploads\/2023\/04\/20230417_151626-scaled.jpg title=\"\" rel=\"prettyPhoto[pp_gal]\"><img src=https:\/\/letrainjaune.fr\/wp-content\/uploads\/2023\/04\/20230417_151626-640x452.jpg alt=\"\" title=\"20230417_151626\" class=\"wp-image-9308\"\/><\/a><\/figure><\/li><li class=\"blocks-gallery-item\"><figure><a href=https:\/\/letrainjaune.fr\/wp-content\/uploads\/2023\/04\/20230417_151818-scaled.jpg title=\"\" rel=\"prettyPhoto[pp_gal]\"><img src=https:\/\/letrainjaune.fr\/wp-content\/uploads\/2023\/04\/20230417_151818-640x452.jpg alt=\"\" title=\"20230417_151818\" class=\"wp-image-9312\"\/><\/a><\/figure><\/li><li class=\"blocks-gallery-item\"><figure><a href=https:\/\/letrainjaune.fr\/wp-content\/uploads\/2023\/04\/20230417_152138-scaled.jpg title=\"\" rel=\"prettyPhoto[pp_gal]\"><img src=https:\/\/letrainjaune.fr\/wp-content\/uploads\/2023\/04\/20230417_152138-640x452.jpg alt=\"\" title=\"20230417_152138\" class=\"wp-image-9316\"\/><\/a><\/figure><\/li><li class=\"blocks-gallery-item\"><figure><a href=https:\/\/letrainjaune.fr\/wp-content\/uploads\/2023\/04\/20230417_152427-scaled.jpg title=\"\" rel=\"prettyPhoto[pp_gal]\"><img src=https:\/\/letrainjaune.fr\/wp-content\/uploads\/2023\/04\/20230417_152427-640x452.jpg alt=\"\" title=\"20230417_152427\" class=\"wp-image-9320\"\/><\/a><\/figure><\/li><li class=\"blocks-gallery-item\"><figure><a href=https:\/\/letrainjaune.fr\/wp-content\/uploads\/2023\/04\/20230417_152535-scaled.jpg title=\"\" rel=\"prettyPhoto[pp_gal]\"><img src=https:\/\/letrainjaune.fr\/wp-content\/uploads\/2023\/04\/20230417_152535-640x452.jpg alt=\"\" title=\"20230417_152535\" class=\"wp-image-9324\"\/><\/a><\/figure><\/li><li class=\"blocks-gallery-item\"><figure><a href=https:\/\/letrainjaune.fr\/wp-content\/uploads\/2023\/04\/20230417_152730-scaled.jpg title=\"\" rel=\"prettyPhoto[pp_gal]\"><img src=https:\/\/letrainjaune.fr\/wp-content\/uploads\/2023\/04\/20230417_152730-640x452.jpg alt=\"\" title=\"20230417_152730\" class=\"wp-image-9328\"\/><\/a><\/figure><\/li><li class=\"blocks-gallery-item\"><figure><a href= title=\"\" rel=\"prettyPhoto[pp_gal]\"><img src= alt=\"\" title=\"En directe des de l&#8217;obra del pont Gisclard\" class=\"wp-image-\"\/><\/a><\/figure><\/li><li class=\"blocks-gallery-item\"><figure><a href= title=\"\" rel=\"prettyPhoto[pp_gal]\"><img src= alt=\"\" title=\"En directe des de l&#8217;obra del pont Gisclard\" class=\"wp-image-\"\/><\/a><\/figure><\/li><li class=\"blocks-gallery-item\"><figure><a href= title=\"\" rel=\"prettyPhoto[pp_gal]\"><img src= alt=\"\" title=\"En directe des de l&#8217;obra del pont Gisclard\" class=\"wp-image-\"\/><\/a><\/figure><\/li><li class=\"blocks-gallery-item\"><figure><a href= title=\"\" rel=\"prettyPhoto[pp_gal]\"><img src= alt=\"\" title=\"En directe des de l&#8217;obra del pont Gisclard\" class=\"wp-image-\"\/><\/a><\/figure><\/li><li class=\"blocks-gallery-item\"><figure><a href= title=\"\" rel=\"prettyPhoto[pp_gal]\"><img src= alt=\"\" title=\"En directe des de l&#8217;obra del pont Gisclard\" class=\"wp-image-\"\/><\/a><\/figure><\/li><li class=\"blocks-gallery-item\"><figure><a href= title=\"\" rel=\"prettyPhoto[pp_gal]\"><img src= alt=\"\" title=\"En directe des de l&#8217;obra del pont Gisclard\" class=\"wp-image-\"\/><\/a><\/figure><\/li><li class=\"blocks-gallery-item\"><figure><a href= title=\"\" rel=\"prettyPhoto[pp_gal]\"><img src= alt=\"\" title=\"En directe des de l&#8217;obra del pont Gisclard\" class=\"wp-image-\"\/><\/a><\/figure><\/li><li class=\"blocks-gallery-item\"><figure><a href= title=\"\" rel=\"prettyPhoto[pp_gal]\"><img src= alt=\"\" title=\"En directe des de l&#8217;obra del pont Gisclard\" class=\"wp-image-\"\/><\/a><\/figure><\/li><li class=\"blocks-gallery-item\"><figure><a href= title=\"\" rel=\"prettyPhoto[pp_gal]\"><img src= alt=\"\" title=\"En directe des de l&#8217;obra del pont Gisclard\" class=\"wp-image-\"\/><\/a><\/figure><\/li><li class=\"blocks-gallery-item\"><figure><a href= title=\"\" rel=\"prettyPhoto[pp_gal]\"><img src= alt=\"\" title=\"En directe des de l&#8217;obra del pont Gisclard\" class=\"wp-image-\"\/><\/a><\/figure><\/li><li class=\"blocks-gallery-item\"><figure><a href= title=\"\" rel=\"prettyPhoto[pp_gal]\"><img src= alt=\"\" title=\"En directe des de l&#8217;obra del pont Gisclard\" class=\"wp-image-\"\/><\/a><\/figure><\/li><li class=\"blocks-gallery-item\"><figure><a href= title=\"\" rel=\"prettyPhoto[pp_gal]\"><img src= alt=\"\" title=\"En directe des de l&#8217;obra del pont Gisclard\" class=\"wp-image-\"\/><\/a><\/figure><\/li><li class=\"blocks-gallery-item\"><figure><a href= title=\"\" rel=\"prettyPhoto[pp_gal]\"><img src= alt=\"\" title=\"En directe des de l&#8217;obra del pont Gisclard\" class=\"wp-image-\"\/><\/a><\/figure><\/li><li class=\"blocks-gallery-item\"><figure><a href= title=\"\" rel=\"prettyPhoto[pp_gal]\"><img src= alt=\"\" title=\"En directe des de l&#8217;obra del pont Gisclard\" class=\"wp-image-\"\/><\/a><\/figure><\/li><li class=\"blocks-gallery-item\"><figure><a href= title=\"\" rel=\"prettyPhoto[pp_gal]\"><img src= alt=\"\" title=\"En directe des de l&#8217;obra del pont Gisclard\" class=\"wp-image-\"\/><\/a><\/figure><\/li><li class=\"blocks-gallery-item\"><figure><a href= title=\"\" rel=\"prettyPhoto[pp_gal]\"><img src= alt=\"\" title=\"En directe des de l&#8217;obra del pont Gisclard\" class=\"wp-image-\"\/><\/a><\/figure><\/li><li class=\"blocks-gallery-item\"><figure><a href= title=\"\" rel=\"prettyPhoto[pp_gal]\"><img src= alt=\"\" title=\"En directe des de l&#8217;obra del pont Gisclard\" class=\"wp-image-\"\/><\/a><\/figure><\/li><li class=\"blocks-gallery-item\"><figure><a href= title=\"\" rel=\"prettyPhoto[pp_gal]\"><img src= alt=\"\" title=\"En directe des de l&#8217;obra del pont Gisclard\" class=\"wp-image-\"\/><\/a><\/figure><\/li><\/ul><\/figure>\n<p><\/p>\n\n<p> <\/p>\n\n<p>photos \u00a9 PNRPC<\/p>\n\n<p><\/p>\n<figure class=\"wp-block-image size-\"><a href= title=\"\" rel=\"prettyPhoto\"><img src= alt=\"\" title=\"En directe des de l&#8217;obra del pont Gisclard\" width=\"\" class=\"wp-image-0\"\/><\/a><\/figure>\n<h2 class=\"wp-block-heading\"><\/h2>\n","protected":false},"featured_media":9313,"template":"","actualite_category":[304],"class_list":["post-12925","actualite","type-actualite","status-publish","has-post-thumbnail","hentry","actualite_category-informes"],"acf":[],"yoast_head":"<!-- This site is optimized with the Yoast SEO plugin v25.4 - https:\/\/yoast.com\/wordpress\/plugins\/seo\/ -->\n<title>En directe des de l&#039;obra del pont Gisclard - Dest\u00ed: El Tren Groc<\/title>\n<meta name=\"robots\" content=\"index, follow, max-snippet:-1, max-image-preview:large, max-video-preview:-1\" \/>\n<link rel=\"canonical\" href=\"https:\/\/letrainjaune.fr\/ca\/descobriu-el-train-jaune\/vida-del-tren\/en-directe-des-de-lobra-del-pont-gisclard\/\" \/>\n<meta property=\"og:locale\" content=\"ca_ES\" \/>\n<meta property=\"og:type\" content=\"article\" \/>\n<meta property=\"og:title\" content=\"En directe des de l&#039;obra del pont Gisclard - Dest\u00ed: El Tren Groc\" \/>\n<meta property=\"og:description\" content=\"mitjans d&#8217;abril de 2023 Hem pogut participar en la visita excepcional a les obres de modernitzaci\u00f3 del pont Gisclard de la l\u00ednia del Tren Groc. Al programa d&#8217;aquesta primavera: substituci\u00f3 de 12 cables, desmuntatge de cables d&#8217;amiant. Imagina les restriccions d&#8217;acc\u00e9s per arribar al lloc i transportar el material quan el lloc va comen\u00e7ar sota [&hellip;]\" \/>\n<meta property=\"og:url\" content=\"https:\/\/letrainjaune.fr\/ca\/descobriu-el-train-jaune\/vida-del-tren\/en-directe-des-de-lobra-del-pont-gisclard\/\" \/>\n<meta property=\"og:site_name\" content=\"Dest\u00ed: El Tren Groc\" \/>\n<meta property=\"article:modified_time\" content=\"2024-02-13T11:36:46+00:00\" \/>\n<meta property=\"og:image\" content=\"https:\/\/letrainjaune.fr\/wp-content\/uploads\/2023\/04\/20230417_151818-scaled.jpg\" \/>\n\t<meta property=\"og:image:width\" content=\"1920\" \/>\n\t<meta property=\"og:image:height\" content=\"1440\" \/>\n\t<meta property=\"og:image:type\" content=\"image\/jpeg\" \/>\n<meta name=\"twitter:card\" content=\"summary_large_image\" \/>\n<meta name=\"twitter:label1\" content=\"Temps estimat de lectura\" \/>\n\t<meta name=\"twitter:data1\" content=\"1 minut\" \/>\n<script type=\"application\/ld+json\" class=\"yoast-schema-graph\">{\"@context\":\"https:\/\/schema.org\",\"@graph\":[{\"@type\":\"WebPage\",\"@id\":\"https:\/\/letrainjaune.fr\/ca\/descobriu-el-train-jaune\/vida-del-tren\/en-directe-des-de-lobra-del-pont-gisclard\/\",\"url\":\"https:\/\/letrainjaune.fr\/ca\/descobriu-el-train-jaune\/vida-del-tren\/en-directe-des-de-lobra-del-pont-gisclard\/\",\"name\":\"En directe des de l'obra del pont Gisclard - Dest\u00ed: El Tren Groc\",\"isPartOf\":{\"@id\":\"https:\/\/letrainjaune.fr\/ca\/#website\"},\"primaryImageOfPage\":{\"@id\":\"https:\/\/letrainjaune.fr\/ca\/descobriu-el-train-jaune\/vida-del-tren\/en-directe-des-de-lobra-del-pont-gisclard\/#primaryimage\"},\"image\":{\"@id\":\"https:\/\/letrainjaune.fr\/ca\/descobriu-el-train-jaune\/vida-del-tren\/en-directe-des-de-lobra-del-pont-gisclard\/#primaryimage\"},\"thumbnailUrl\":\"https:\/\/letrainjaune.fr\/wp-content\/uploads\/2023\/04\/20230417_151818-scaled.jpg\",\"datePublished\":\"2023-11-27T15:45:26+00:00\",\"dateModified\":\"2024-02-13T11:36:46+00:00\",\"breadcrumb\":{\"@id\":\"https:\/\/letrainjaune.fr\/ca\/descobriu-el-train-jaune\/vida-del-tren\/en-directe-des-de-lobra-del-pont-gisclard\/#breadcrumb\"},\"inLanguage\":\"ca\",\"potentialAction\":[{\"@type\":\"ReadAction\",\"target\":[\"https:\/\/letrainjaune.fr\/ca\/descobriu-el-train-jaune\/vida-del-tren\/en-directe-des-de-lobra-del-pont-gisclard\/\"]}]},{\"@type\":\"ImageObject\",\"inLanguage\":\"ca\",\"@id\":\"https:\/\/letrainjaune.fr\/ca\/descobriu-el-train-jaune\/vida-del-tren\/en-directe-des-de-lobra-del-pont-gisclard\/#primaryimage\",\"url\":\"https:\/\/letrainjaune.fr\/wp-content\/uploads\/2023\/04\/20230417_151818-scaled.jpg\",\"contentUrl\":\"https:\/\/letrainjaune.fr\/wp-content\/uploads\/2023\/04\/20230417_151818-scaled.jpg\",\"width\":1920,\"height\":1440},{\"@type\":\"BreadcrumbList\",\"@id\":\"https:\/\/letrainjaune.fr\/ca\/descobriu-el-train-jaune\/vida-del-tren\/en-directe-des-de-lobra-del-pont-gisclard\/#breadcrumb\",\"itemListElement\":[{\"@type\":\"ListItem\",\"position\":1,\"name\":\"Benvinguda\",\"item\":\"https:\/\/letrainjaune.fr\/ca\/\"},{\"@type\":\"ListItem\",\"position\":2,\"name\":\"Actualit\u00e9s\",\"item\":\"https:\/\/letrainjaune.fr\/ca\/descobriu-el-train-jaune\/vida-del-tren\/\"},{\"@type\":\"ListItem\",\"position\":3,\"name\":\"En directe des de l&#8217;obra del pont Gisclard\"}]},{\"@type\":\"WebSite\",\"@id\":\"https:\/\/letrainjaune.fr\/ca\/#website\",\"url\":\"https:\/\/letrainjaune.fr\/ca\/\",\"name\":\"Dest\u00ed: El Tren Groc\",\"description\":\"Dans les Pyr\u00e9n\u00e9es Catalanes, d\u00e9couvrez ce train sur le plus haut chemin de fer d\u2019Europe.\",\"publisher\":{\"@id\":\"https:\/\/letrainjaune.fr\/ca\/#organization\"},\"potentialAction\":[{\"@type\":\"SearchAction\",\"target\":{\"@type\":\"EntryPoint\",\"urlTemplate\":\"https:\/\/letrainjaune.fr\/ca\/?s={search_term_string}\"},\"query-input\":{\"@type\":\"PropertyValueSpecification\",\"valueRequired\":true,\"valueName\":\"search_term_string\"}}],\"inLanguage\":\"ca\"},{\"@type\":\"Organization\",\"@id\":\"https:\/\/letrainjaune.fr\/ca\/#organization\",\"name\":\"Dest\u00ed: El Tren Groc\",\"url\":\"https:\/\/letrainjaune.fr\/ca\/\",\"logo\":{\"@type\":\"ImageObject\",\"inLanguage\":\"ca\",\"@id\":\"https:\/\/letrainjaune.fr\/ca\/#\/schema\/logo\/image\/\",\"url\":\"https:\/\/letrainjaune.fr\/wp-content\/uploads\/2021\/04\/TJ_logo-TJ-footer.svg\",\"contentUrl\":\"https:\/\/letrainjaune.fr\/wp-content\/uploads\/2021\/04\/TJ_logo-TJ-footer.svg\",\"width\":\"1920\",\"height\":\"9999\",\"caption\":\"Dest\u00ed: El Tren Groc\"},\"image\":{\"@id\":\"https:\/\/letrainjaune.fr\/ca\/#\/schema\/logo\/image\/\"}}]}<\/script>\n<!-- \/ Yoast SEO plugin. -->","yoast_head_json":{"title":"En directe des de l'obra del pont Gisclard - Dest\u00ed: El Tren Groc","robots":{"index":"index","follow":"follow","max-snippet":"max-snippet:-1","max-image-preview":"max-image-preview:large","max-video-preview":"max-video-preview:-1"},"canonical":"https:\/\/letrainjaune.fr\/ca\/descobriu-el-train-jaune\/vida-del-tren\/en-directe-des-de-lobra-del-pont-gisclard\/","og_locale":"ca_ES","og_type":"article","og_title":"En directe des de l'obra del pont Gisclard - Dest\u00ed: El Tren Groc","og_description":"mitjans d&#8217;abril de 2023 Hem pogut participar en la visita excepcional a les obres de modernitzaci\u00f3 del pont Gisclard de la l\u00ednia del Tren Groc. Al programa d&#8217;aquesta primavera: substituci\u00f3 de 12 cables, desmuntatge de cables d&#8217;amiant. Imagina les restriccions d&#8217;acc\u00e9s per arribar al lloc i transportar el material quan el lloc va comen\u00e7ar sota [&hellip;]","og_url":"https:\/\/letrainjaune.fr\/ca\/descobriu-el-train-jaune\/vida-del-tren\/en-directe-des-de-lobra-del-pont-gisclard\/","og_site_name":"Dest\u00ed: El Tren Groc","article_modified_time":"2024-02-13T11:36:46+00:00","og_image":[{"width":1920,"height":1440,"url":"https:\/\/letrainjaune.fr\/wp-content\/uploads\/2023\/04\/20230417_151818-scaled.jpg","type":"image\/jpeg"}],"twitter_card":"summary_large_image","twitter_misc":{"Temps estimat de lectura":"1 minut"},"schema":{"@context":"https:\/\/schema.org","@graph":[{"@type":"WebPage","@id":"https:\/\/letrainjaune.fr\/ca\/descobriu-el-train-jaune\/vida-del-tren\/en-directe-des-de-lobra-del-pont-gisclard\/","url":"https:\/\/letrainjaune.fr\/ca\/descobriu-el-train-jaune\/vida-del-tren\/en-directe-des-de-lobra-del-pont-gisclard\/","name":"En directe des de l'obra del pont Gisclard - Dest\u00ed: El Tren Groc","isPartOf":{"@id":"https:\/\/letrainjaune.fr\/ca\/#website"},"primaryImageOfPage":{"@id":"https:\/\/letrainjaune.fr\/ca\/descobriu-el-train-jaune\/vida-del-tren\/en-directe-des-de-lobra-del-pont-gisclard\/#primaryimage"},"image":{"@id":"https:\/\/letrainjaune.fr\/ca\/descobriu-el-train-jaune\/vida-del-tren\/en-directe-des-de-lobra-del-pont-gisclard\/#primaryimage"},"thumbnailUrl":"https:\/\/letrainjaune.fr\/wp-content\/uploads\/2023\/04\/20230417_151818-scaled.jpg","datePublished":"2023-11-27T15:45:26+00:00","dateModified":"2024-02-13T11:36:46+00:00","breadcrumb":{"@id":"https:\/\/letrainjaune.fr\/ca\/descobriu-el-train-jaune\/vida-del-tren\/en-directe-des-de-lobra-del-pont-gisclard\/#breadcrumb"},"inLanguage":"ca","potentialAction":[{"@type":"ReadAction","target":["https:\/\/letrainjaune.fr\/ca\/descobriu-el-train-jaune\/vida-del-tren\/en-directe-des-de-lobra-del-pont-gisclard\/"]}]},{"@type":"ImageObject","inLanguage":"ca","@id":"https:\/\/letrainjaune.fr\/ca\/descobriu-el-train-jaune\/vida-del-tren\/en-directe-des-de-lobra-del-pont-gisclard\/#primaryimage","url":"https:\/\/letrainjaune.fr\/wp-content\/uploads\/2023\/04\/20230417_151818-scaled.jpg","contentUrl":"https:\/\/letrainjaune.fr\/wp-content\/uploads\/2023\/04\/20230417_151818-scaled.jpg","width":1920,"height":1440},{"@type":"BreadcrumbList","@id":"https:\/\/letrainjaune.fr\/ca\/descobriu-el-train-jaune\/vida-del-tren\/en-directe-des-de-lobra-del-pont-gisclard\/#breadcrumb","itemListElement":[{"@type":"ListItem","position":1,"name":"Benvinguda","item":"https:\/\/letrainjaune.fr\/ca\/"},{"@type":"ListItem","position":2,"name":"Actualit\u00e9s","item":"https:\/\/letrainjaune.fr\/ca\/descobriu-el-train-jaune\/vida-del-tren\/"},{"@type":"ListItem","position":3,"name":"En directe des de l&#8217;obra del pont Gisclard"}]},{"@type":"WebSite","@id":"https:\/\/letrainjaune.fr\/ca\/#website","url":"https:\/\/letrainjaune.fr\/ca\/","name":"Dest\u00ed: El Tren Groc","description":"Dans les Pyr\u00e9n\u00e9es Catalanes, d\u00e9couvrez ce train sur le plus haut chemin de fer d\u2019Europe.","publisher":{"@id":"https:\/\/letrainjaune.fr\/ca\/#organization"},"potentialAction":[{"@type":"SearchAction","target":{"@type":"EntryPoint","urlTemplate":"https:\/\/letrainjaune.fr\/ca\/?s={search_term_string}"},"query-input":{"@type":"PropertyValueSpecification","valueRequired":true,"valueName":"search_term_string"}}],"inLanguage":"ca"},{"@type":"Organization","@id":"https:\/\/letrainjaune.fr\/ca\/#organization","name":"Dest\u00ed: El Tren Groc","url":"https:\/\/letrainjaune.fr\/ca\/","logo":{"@type":"ImageObject","inLanguage":"ca","@id":"https:\/\/letrainjaune.fr\/ca\/#\/schema\/logo\/image\/","url":"https:\/\/letrainjaune.fr\/wp-content\/uploads\/2021\/04\/TJ_logo-TJ-footer.svg","contentUrl":"https:\/\/letrainjaune.fr\/wp-content\/uploads\/2021\/04\/TJ_logo-TJ-footer.svg","width":"1920","height":"9999","caption":"Dest\u00ed: El Tren Groc"},"image":{"@id":"https:\/\/letrainjaune.fr\/ca\/#\/schema\/logo\/image\/"}}]}},"_links":{"self":[{"href":"https:\/\/letrainjaune.fr\/ca\/wp-json\/wp\/v2\/actualite\/12925","targetHints":{"allow":["GET"]}}],"collection":[{"href":"https:\/\/letrainjaune.fr\/ca\/wp-json\/wp\/v2\/actualite"}],"about":[{"href":"https:\/\/letrainjaune.fr\/ca\/wp-json\/wp\/v2\/types\/actualite"}],"version-history":[{"count":1,"href":"https:\/\/letrainjaune.fr\/ca\/wp-json\/wp\/v2\/actualite\/12925\/revisions"}],"predecessor-version":[{"id":12926,"href":"https:\/\/letrainjaune.fr\/ca\/wp-json\/wp\/v2\/actualite\/12925\/revisions\/12926"}],"wp:featuredmedia":[{"embeddable":true,"href":"https:\/\/letrainjaune.fr\/ca\/wp-json\/wp\/v2\/media\/9313"}],"wp:attachment":[{"href":"https:\/\/letrainjaune.fr\/ca\/wp-json\/wp\/v2\/media?parent=12925"}],"wp:term":[{"taxonomy":"actualite_category","embeddable":true,"href":"https:\/\/letrainjaune.fr\/ca\/wp-json\/wp\/v2\/actualite_category?post=12925"}],"curies":[{"name":"wp","href":"https:\/\/api.w.org\/{rel}","templated":true}]}}