{"id":13483,"date":"2024-03-07T10:00:52","date_gmt":"2024-03-07T09:00:52","guid":{"rendered":"https:\/\/letrainjaune.fr\/decouvrir-le-train-jaune\/vie-du-train\/interrupcio-del-transit\/"},"modified":"2024-05-24T16:23:27","modified_gmt":"2024-05-24T14:23:27","slug":"interrupcio-del-transit","status":"publish","type":"actualite","link":"https:\/\/letrainjaune.fr\/ca\/descobriu-el-train-jaune\/vida-del-tren\/interrupcio-del-transit\/","title":{"rendered":"interrupci\u00f3 del tr\u00e0nsit"},"content":{"rendered":"\n<p>Les obres entre Villefranche-Vernet-les-Bains i Latour-de-Carol es prolongaran fins al 26 d&#8217;abril del 2024.<\/p>\n\n<p>Mentre durin aquestes, s&#8217;interrompr\u00e0 el tr\u00e0nsit ferroviari; \u00e9s per aix\u00f2 que es recomana als passatgers que utilitzin la l\u00ednia regular d&#8217;autocars liO n\u00fam. 560.<\/p>\n\n<p>A m\u00e9s d&#8217;aquesta ruta liO Car 560, nom\u00e9s els autocars esmentats al <a href=\"https:\/\/ter-fiches-horaires.sncf.fr\/publish\/Train%20Jaune%20fermeture%20du%2026%20f%C3%83%C2%A9vrier%20au%2025%20avril%20affiche.pdf\" target=\"_blank\" rel=\"noreferrer noopener\">seg\u00fcent enlla\u00e7<\/a> operaran a la ruta a la data anunciada.<\/p>\n\n<p>Romangui informat en temps real mitjan\u00e7ant la p\u00e0gina\u00a0<a href=\"https:\/\/ter.sncf.com\/occitanie\/se-deplacer\/info-trafic\">Info Trafic<\/a>\u00a0del lloc web de liO Train SNCF Occitanie, el feed de Twitter\u00a0<a href=\"https:\/\/twitter.com\/lio_train_sncf?ref_src=twsrc%5Egoogle%7Ctwcamp%5Eserp%7Ctwgr%5Eauthor\">@lio_train_sncf\u00a0<\/a>i al lloc SNCF Connect o qualsevol altra aplicaci\u00f3 de mobilitat.<\/p>\n","protected":false},"featured_media":0,"template":"","actualite_category":[298],"class_list":["post-13483","actualite","type-actualite","status-publish","hentry","actualite_category-informacio-sobre-el-transit"],"acf":[],"yoast_head":"<!-- This site is optimized with the Yoast SEO plugin v25.4 - https:\/\/yoast.com\/wordpress\/plugins\/seo\/ -->\n<title>interrupci\u00f3 del tr\u00e0nsit - Dest\u00ed: El Tren Groc<\/title>\n<meta name=\"robots\" content=\"index, follow, max-snippet:-1, max-image-preview:large, max-video-preview:-1\" \/>\n<link rel=\"canonical\" href=\"https:\/\/letrainjaune.fr\/ca\/descobriu-el-train-jaune\/vida-del-tren\/interrupcio-del-transit\/\" \/>\n<meta property=\"og:locale\" content=\"ca_ES\" \/>\n<meta property=\"og:type\" content=\"article\" \/>\n<meta property=\"og:title\" content=\"interrupci\u00f3 del tr\u00e0nsit - Dest\u00ed: El Tren Groc\" \/>\n<meta property=\"og:description\" content=\"Les obres entre Villefranche-Vernet-les-Bains i Latour-de-Carol es prolongaran fins al 26 d&#8217;abril del 2024. Mentre durin aquestes, s&#8217;interrompr\u00e0 el tr\u00e0nsit ferroviari; \u00e9s per aix\u00f2 que es recomana als passatgers que utilitzin la l\u00ednia regular d&#8217;autocars liO n\u00fam. 560. A m\u00e9s d&#8217;aquesta ruta liO Car 560, nom\u00e9s els autocars esmentats al seg\u00fcent enlla\u00e7 operaran a la [&hellip;]\" \/>\n<meta property=\"og:url\" content=\"https:\/\/letrainjaune.fr\/ca\/descobriu-el-train-jaune\/vida-del-tren\/interrupcio-del-transit\/\" \/>\n<meta property=\"og:site_name\" content=\"Dest\u00ed: El Tren Groc\" \/>\n<meta property=\"article:modified_time\" content=\"2024-05-24T14:23:27+00:00\" \/>\n<meta name=\"twitter:card\" content=\"summary_large_image\" \/>\n<meta name=\"twitter:label1\" content=\"Temps estimat de lectura\" \/>\n\t<meta name=\"twitter:data1\" content=\"1 minut\" \/>\n<script type=\"application\/ld+json\" class=\"yoast-schema-graph\">{\"@context\":\"https:\/\/schema.org\",\"@graph\":[{\"@type\":\"WebPage\",\"@id\":\"https:\/\/letrainjaune.fr\/ca\/descobriu-el-train-jaune\/vida-del-tren\/interrupcio-del-transit\/\",\"url\":\"https:\/\/letrainjaune.fr\/ca\/descobriu-el-train-jaune\/vida-del-tren\/interrupcio-del-transit\/\",\"name\":\"interrupci\u00f3 del tr\u00e0nsit - Dest\u00ed: El Tren Groc\",\"isPartOf\":{\"@id\":\"https:\/\/letrainjaune.fr\/ca\/#website\"},\"datePublished\":\"2024-03-07T09:00:52+00:00\",\"dateModified\":\"2024-05-24T14:23:27+00:00\",\"breadcrumb\":{\"@id\":\"https:\/\/letrainjaune.fr\/ca\/descobriu-el-train-jaune\/vida-del-tren\/interrupcio-del-transit\/#breadcrumb\"},\"inLanguage\":\"ca\",\"potentialAction\":[{\"@type\":\"ReadAction\",\"target\":[\"https:\/\/letrainjaune.fr\/ca\/descobriu-el-train-jaune\/vida-del-tren\/interrupcio-del-transit\/\"]}]},{\"@type\":\"BreadcrumbList\",\"@id\":\"https:\/\/letrainjaune.fr\/ca\/descobriu-el-train-jaune\/vida-del-tren\/interrupcio-del-transit\/#breadcrumb\",\"itemListElement\":[{\"@type\":\"ListItem\",\"position\":1,\"name\":\"Benvinguda\",\"item\":\"https:\/\/letrainjaune.fr\/ca\/\"},{\"@type\":\"ListItem\",\"position\":2,\"name\":\"Actualit\u00e9s\",\"item\":\"https:\/\/letrainjaune.fr\/ca\/descobriu-el-train-jaune\/vida-del-tren\/\"},{\"@type\":\"ListItem\",\"position\":3,\"name\":\"interrupci\u00f3 del tr\u00e0nsit\"}]},{\"@type\":\"WebSite\",\"@id\":\"https:\/\/letrainjaune.fr\/ca\/#website\",\"url\":\"https:\/\/letrainjaune.fr\/ca\/\",\"name\":\"Dest\u00ed: El Tren Groc\",\"description\":\"Dans les Pyr\u00e9n\u00e9es Catalanes, d\u00e9couvrez ce train sur le plus haut chemin de fer d\u2019Europe.\",\"publisher\":{\"@id\":\"https:\/\/letrainjaune.fr\/ca\/#organization\"},\"potentialAction\":[{\"@type\":\"SearchAction\",\"target\":{\"@type\":\"EntryPoint\",\"urlTemplate\":\"https:\/\/letrainjaune.fr\/ca\/?s={search_term_string}\"},\"query-input\":{\"@type\":\"PropertyValueSpecification\",\"valueRequired\":true,\"valueName\":\"search_term_string\"}}],\"inLanguage\":\"ca\"},{\"@type\":\"Organization\",\"@id\":\"https:\/\/letrainjaune.fr\/ca\/#organization\",\"name\":\"Dest\u00ed: El Tren Groc\",\"url\":\"https:\/\/letrainjaune.fr\/ca\/\",\"logo\":{\"@type\":\"ImageObject\",\"inLanguage\":\"ca\",\"@id\":\"https:\/\/letrainjaune.fr\/ca\/#\/schema\/logo\/image\/\",\"url\":\"https:\/\/letrainjaune.fr\/wp-content\/uploads\/2021\/04\/TJ_logo-TJ-footer.svg\",\"contentUrl\":\"https:\/\/letrainjaune.fr\/wp-content\/uploads\/2021\/04\/TJ_logo-TJ-footer.svg\",\"width\":\"1920\",\"height\":\"9999\",\"caption\":\"Dest\u00ed: El Tren Groc\"},\"image\":{\"@id\":\"https:\/\/letrainjaune.fr\/ca\/#\/schema\/logo\/image\/\"}}]}<\/script>\n<!-- \/ Yoast SEO plugin. -->","yoast_head_json":{"title":"interrupci\u00f3 del tr\u00e0nsit - Dest\u00ed: El Tren Groc","robots":{"index":"index","follow":"follow","max-snippet":"max-snippet:-1","max-image-preview":"max-image-preview:large","max-video-preview":"max-video-preview:-1"},"canonical":"https:\/\/letrainjaune.fr\/ca\/descobriu-el-train-jaune\/vida-del-tren\/interrupcio-del-transit\/","og_locale":"ca_ES","og_type":"article","og_title":"interrupci\u00f3 del tr\u00e0nsit - Dest\u00ed: El Tren Groc","og_description":"Les obres entre Villefranche-Vernet-les-Bains i Latour-de-Carol es prolongaran fins al 26 d&#8217;abril del 2024. Mentre durin aquestes, s&#8217;interrompr\u00e0 el tr\u00e0nsit ferroviari; \u00e9s per aix\u00f2 que es recomana als passatgers que utilitzin la l\u00ednia regular d&#8217;autocars liO n\u00fam. 560. A m\u00e9s d&#8217;aquesta ruta liO Car 560, nom\u00e9s els autocars esmentats al seg\u00fcent enlla\u00e7 operaran a la [&hellip;]","og_url":"https:\/\/letrainjaune.fr\/ca\/descobriu-el-train-jaune\/vida-del-tren\/interrupcio-del-transit\/","og_site_name":"Dest\u00ed: El Tren Groc","article_modified_time":"2024-05-24T14:23:27+00:00","twitter_card":"summary_large_image","twitter_misc":{"Temps estimat de lectura":"1 minut"},"schema":{"@context":"https:\/\/schema.org","@graph":[{"@type":"WebPage","@id":"https:\/\/letrainjaune.fr\/ca\/descobriu-el-train-jaune\/vida-del-tren\/interrupcio-del-transit\/","url":"https:\/\/letrainjaune.fr\/ca\/descobriu-el-train-jaune\/vida-del-tren\/interrupcio-del-transit\/","name":"interrupci\u00f3 del tr\u00e0nsit - Dest\u00ed: El Tren Groc","isPartOf":{"@id":"https:\/\/letrainjaune.fr\/ca\/#website"},"datePublished":"2024-03-07T09:00:52+00:00","dateModified":"2024-05-24T14:23:27+00:00","breadcrumb":{"@id":"https:\/\/letrainjaune.fr\/ca\/descobriu-el-train-jaune\/vida-del-tren\/interrupcio-del-transit\/#breadcrumb"},"inLanguage":"ca","potentialAction":[{"@type":"ReadAction","target":["https:\/\/letrainjaune.fr\/ca\/descobriu-el-train-jaune\/vida-del-tren\/interrupcio-del-transit\/"]}]},{"@type":"BreadcrumbList","@id":"https:\/\/letrainjaune.fr\/ca\/descobriu-el-train-jaune\/vida-del-tren\/interrupcio-del-transit\/#breadcrumb","itemListElement":[{"@type":"ListItem","position":1,"name":"Benvinguda","item":"https:\/\/letrainjaune.fr\/ca\/"},{"@type":"ListItem","position":2,"name":"Actualit\u00e9s","item":"https:\/\/letrainjaune.fr\/ca\/descobriu-el-train-jaune\/vida-del-tren\/"},{"@type":"ListItem","position":3,"name":"interrupci\u00f3 del tr\u00e0nsit"}]},{"@type":"WebSite","@id":"https:\/\/letrainjaune.fr\/ca\/#website","url":"https:\/\/letrainjaune.fr\/ca\/","name":"Dest\u00ed: El Tren Groc","description":"Dans les Pyr\u00e9n\u00e9es Catalanes, d\u00e9couvrez ce train sur le plus haut chemin de fer d\u2019Europe.","publisher":{"@id":"https:\/\/letrainjaune.fr\/ca\/#organization"},"potentialAction":[{"@type":"SearchAction","target":{"@type":"EntryPoint","urlTemplate":"https:\/\/letrainjaune.fr\/ca\/?s={search_term_string}"},"query-input":{"@type":"PropertyValueSpecification","valueRequired":true,"valueName":"search_term_string"}}],"inLanguage":"ca"},{"@type":"Organization","@id":"https:\/\/letrainjaune.fr\/ca\/#organization","name":"Dest\u00ed: El Tren Groc","url":"https:\/\/letrainjaune.fr\/ca\/","logo":{"@type":"ImageObject","inLanguage":"ca","@id":"https:\/\/letrainjaune.fr\/ca\/#\/schema\/logo\/image\/","url":"https:\/\/letrainjaune.fr\/wp-content\/uploads\/2021\/04\/TJ_logo-TJ-footer.svg","contentUrl":"https:\/\/letrainjaune.fr\/wp-content\/uploads\/2021\/04\/TJ_logo-TJ-footer.svg","width":"1920","height":"9999","caption":"Dest\u00ed: El Tren Groc"},"image":{"@id":"https:\/\/letrainjaune.fr\/ca\/#\/schema\/logo\/image\/"}}]}},"_links":{"self":[{"href":"https:\/\/letrainjaune.fr\/ca\/wp-json\/wp\/v2\/actualite\/13483","targetHints":{"allow":["GET"]}}],"collection":[{"href":"https:\/\/letrainjaune.fr\/ca\/wp-json\/wp\/v2\/actualite"}],"about":[{"href":"https:\/\/letrainjaune.fr\/ca\/wp-json\/wp\/v2\/types\/actualite"}],"version-history":[{"count":1,"href":"https:\/\/letrainjaune.fr\/ca\/wp-json\/wp\/v2\/actualite\/13483\/revisions"}],"predecessor-version":[{"id":13484,"href":"https:\/\/letrainjaune.fr\/ca\/wp-json\/wp\/v2\/actualite\/13483\/revisions\/13484"}],"wp:attachment":[{"href":"https:\/\/letrainjaune.fr\/ca\/wp-json\/wp\/v2\/media?parent=13483"}],"wp:term":[{"taxonomy":"actualite_category","embeddable":true,"href":"https:\/\/letrainjaune.fr\/ca\/wp-json\/wp\/v2\/actualite_category?post=13483"}],"curies":[{"name":"wp","href":"https:\/\/api.w.org\/{rel}","templated":true}]}}