{"id":14682,"date":"2024-09-30T17:06:10","date_gmt":"2024-09-30T15:06:10","guid":{"rendered":"https:\/\/letrainjaune.fr\/decouvrir-le-train-jaune\/vie-du-train\/tancament-temporal-per-obres-de-manteniment-del-23-de-setembre-al-10-de-novembre-del-2024\/"},"modified":"2024-09-30T17:06:10","modified_gmt":"2024-09-30T15:06:10","slug":"tancament-temporal-per-obres-de-manteniment-del-23-de-setembre-al-10-de-novembre-del-2024","status":"publish","type":"actualite","link":"https:\/\/letrainjaune.fr\/ca\/descobriu-el-train-jaune\/vida-del-tren\/tancament-temporal-per-obres-de-manteniment-del-23-de-setembre-al-10-de-novembre-del-2024\/","title":{"rendered":"Tancament temporal per obres de manteniment: del 23 de setembre al 10 de novembre del 2024"},"content":{"rendered":"\n<h2 class=\"wp-block-heading\">Manteniment anual<\/h2>\n\n<p>La l\u00ednia del Tren Groc es tanca durant algunes setmanes a l&#8217;any, generalment a la tardor i la primavera, per realitzar treballs de manteniment indispensables.<\/p>\n\n<p>SNCF R\u00e9seau, en el marc del Pla Ferroviari d&#8217;Occitanie i donant continu\u00eftat a les obres de car\u00e0cter peri\u00f2dic realitzades des del 2019, prossegueix el programa de regeneraci\u00f3 de la l\u00ednia del Tren Groc. Aix\u00ed mateix, ia fi d&#8217;executar noves obres de gran envergadura, els operaris treballaran entre el 23 de setembre i el 10 de novembre, despr\u00e9s d&#8217;una primera fase d&#8217;obres a la primavera. Per al 2024, es preveu una inversi\u00f3 de 7,6 milions d&#8217;euros a la l\u00ednia per part de la Uni\u00f3 Europea i l&#8217;Estat (25%), la Regi\u00f3 Occitanie (66,5%) i SNCF R\u00e9seau (8,5%).<\/p>\n\n<h3 class=\"wp-block-heading\">Les principals operacions consisteixen en: <\/h3>\n\n<ul class=\"wp-block-list\">\n<li>La millora de les subestacions el\u00e8ctriques de Sainte-L\u00e9ocadie; <\/li>\n\n\n\n<li>El refor\u00e7 de la volta dels t\u00fanels de Via, Col Rigat i Saint Vincent; <\/li>\n\n\n\n<li>Realitzaci\u00f3 de treballs de via al sector Olette; <\/li>\n\n\n\n<li>Assegurar 6 arracades rocoses entre Sauto i Font-Romeu. <\/li>\n<\/ul>\n\n<p>Hi haur\u00e0 un servei alternatiu regular d&#8217;autocars liO durant aquest per\u00edode. D&#8217;altra banda, i a petici\u00f3 de la Regi\u00f3 Occitanie\/Pyr\u00e9n\u00e9es-M\u00e9diterran\u00e9e, cada diumenge s&#8217;afegeixen dos viatges d&#8217;anada i tornada amb autocar entre Villefranche-Vernet-les-Bains i Latour-de-Carol.<\/p>\n\n<p><\/p>\n","protected":false},"featured_media":12604,"template":"","actualite_category":[298],"class_list":["post-14682","actualite","type-actualite","status-publish","has-post-thumbnail","hentry","actualite_category-informacio-sobre-el-transit"],"acf":[],"yoast_head":"<!-- This site is optimized with the Yoast SEO plugin v25.4 - https:\/\/yoast.com\/wordpress\/plugins\/seo\/ -->\n<title>Tancament temporal per obres de manteniment: del 23 de setembre al 10 de novembre del 2024 - Dest\u00ed: El Tren Groc<\/title>\n<meta name=\"robots\" content=\"index, follow, max-snippet:-1, max-image-preview:large, max-video-preview:-1\" \/>\n<link rel=\"canonical\" href=\"https:\/\/letrainjaune.fr\/ca\/descobriu-el-train-jaune\/vida-del-tren\/tancament-temporal-per-obres-de-manteniment-del-23-de-setembre-al-10-de-novembre-del-2024\/\" \/>\n<meta property=\"og:locale\" content=\"ca_ES\" \/>\n<meta property=\"og:type\" content=\"article\" \/>\n<meta property=\"og:title\" content=\"Tancament temporal per obres de manteniment: del 23 de setembre al 10 de novembre del 2024 - Dest\u00ed: El Tren Groc\" \/>\n<meta property=\"og:description\" content=\"Manteniment anual La l\u00ednia del Tren Groc es tanca durant algunes setmanes a l&#8217;any, generalment a la tardor i la primavera, per realitzar treballs de manteniment indispensables. SNCF R\u00e9seau, en el marc del Pla Ferroviari d&#8217;Occitanie i donant continu\u00eftat a les obres de car\u00e0cter peri\u00f2dic realitzades des del 2019, prossegueix el programa de regeneraci\u00f3 de [&hellip;]\" \/>\n<meta property=\"og:url\" content=\"https:\/\/letrainjaune.fr\/ca\/descobriu-el-train-jaune\/vida-del-tren\/tancament-temporal-per-obres-de-manteniment-del-23-de-setembre-al-10-de-novembre-del-2024\/\" \/>\n<meta property=\"og:site_name\" content=\"Dest\u00ed: El Tren Groc\" \/>\n<meta property=\"og:image\" content=\"https:\/\/letrainjaune.fr\/wp-content\/uploads\/2023\/09\/20230707_170319-scaled.jpg\" \/>\n\t<meta property=\"og:image:width\" content=\"1920\" \/>\n\t<meta property=\"og:image:height\" content=\"1440\" \/>\n\t<meta property=\"og:image:type\" content=\"image\/jpeg\" \/>\n<meta name=\"twitter:card\" content=\"summary_large_image\" \/>\n<meta name=\"twitter:label1\" content=\"Temps estimat de lectura\" \/>\n\t<meta name=\"twitter:data1\" content=\"1 minut\" \/>\n<script type=\"application\/ld+json\" class=\"yoast-schema-graph\">{\"@context\":\"https:\/\/schema.org\",\"@graph\":[{\"@type\":\"WebPage\",\"@id\":\"https:\/\/letrainjaune.fr\/ca\/descobriu-el-train-jaune\/vida-del-tren\/tancament-temporal-per-obres-de-manteniment-del-23-de-setembre-al-10-de-novembre-del-2024\/\",\"url\":\"https:\/\/letrainjaune.fr\/ca\/descobriu-el-train-jaune\/vida-del-tren\/tancament-temporal-per-obres-de-manteniment-del-23-de-setembre-al-10-de-novembre-del-2024\/\",\"name\":\"Tancament temporal per obres de manteniment: del 23 de setembre al 10 de novembre del 2024 - Dest\u00ed: El Tren Groc\",\"isPartOf\":{\"@id\":\"https:\/\/letrainjaune.fr\/ca\/#website\"},\"primaryImageOfPage\":{\"@id\":\"https:\/\/letrainjaune.fr\/ca\/descobriu-el-train-jaune\/vida-del-tren\/tancament-temporal-per-obres-de-manteniment-del-23-de-setembre-al-10-de-novembre-del-2024\/#primaryimage\"},\"image\":{\"@id\":\"https:\/\/letrainjaune.fr\/ca\/descobriu-el-train-jaune\/vida-del-tren\/tancament-temporal-per-obres-de-manteniment-del-23-de-setembre-al-10-de-novembre-del-2024\/#primaryimage\"},\"thumbnailUrl\":\"https:\/\/letrainjaune.fr\/wp-content\/uploads\/2023\/09\/20230707_170319-scaled.jpg\",\"datePublished\":\"2024-09-30T15:06:10+00:00\",\"breadcrumb\":{\"@id\":\"https:\/\/letrainjaune.fr\/ca\/descobriu-el-train-jaune\/vida-del-tren\/tancament-temporal-per-obres-de-manteniment-del-23-de-setembre-al-10-de-novembre-del-2024\/#breadcrumb\"},\"inLanguage\":\"ca\",\"potentialAction\":[{\"@type\":\"ReadAction\",\"target\":[\"https:\/\/letrainjaune.fr\/ca\/descobriu-el-train-jaune\/vida-del-tren\/tancament-temporal-per-obres-de-manteniment-del-23-de-setembre-al-10-de-novembre-del-2024\/\"]}]},{\"@type\":\"ImageObject\",\"inLanguage\":\"ca\",\"@id\":\"https:\/\/letrainjaune.fr\/ca\/descobriu-el-train-jaune\/vida-del-tren\/tancament-temporal-per-obres-de-manteniment-del-23-de-setembre-al-10-de-novembre-del-2024\/#primaryimage\",\"url\":\"https:\/\/letrainjaune.fr\/wp-content\/uploads\/2023\/09\/20230707_170319-scaled.jpg\",\"contentUrl\":\"https:\/\/letrainjaune.fr\/wp-content\/uploads\/2023\/09\/20230707_170319-scaled.jpg\",\"width\":1920,\"height\":1440,\"caption\":\"Dans le souci de valoriser l\u2019emploi local, 5 autres ont \u00e9t\u00e9 recrut\u00e9es localement pour la r\u00e9alisation de travaux de peinture et d\u2019am\u00e9nagements int\u00e9rieurs, sans sp\u00e9cialit\u00e9, avec un contrat de 3 ans, via l\u2019int\u00e9rim.\"},{\"@type\":\"BreadcrumbList\",\"@id\":\"https:\/\/letrainjaune.fr\/ca\/descobriu-el-train-jaune\/vida-del-tren\/tancament-temporal-per-obres-de-manteniment-del-23-de-setembre-al-10-de-novembre-del-2024\/#breadcrumb\",\"itemListElement\":[{\"@type\":\"ListItem\",\"position\":1,\"name\":\"Benvinguda\",\"item\":\"https:\/\/letrainjaune.fr\/ca\/\"},{\"@type\":\"ListItem\",\"position\":2,\"name\":\"Actualit\u00e9s\",\"item\":\"https:\/\/letrainjaune.fr\/ca\/descobriu-el-train-jaune\/vida-del-tren\/\"},{\"@type\":\"ListItem\",\"position\":3,\"name\":\"Tancament temporal per obres de manteniment: del 23 de setembre al 10 de novembre del 2024\"}]},{\"@type\":\"WebSite\",\"@id\":\"https:\/\/letrainjaune.fr\/ca\/#website\",\"url\":\"https:\/\/letrainjaune.fr\/ca\/\",\"name\":\"Dest\u00ed: El Tren Groc\",\"description\":\"Dans les Pyr\u00e9n\u00e9es Catalanes, d\u00e9couvrez ce train sur le plus haut chemin de fer d\u2019Europe.\",\"publisher\":{\"@id\":\"https:\/\/letrainjaune.fr\/ca\/#organization\"},\"potentialAction\":[{\"@type\":\"SearchAction\",\"target\":{\"@type\":\"EntryPoint\",\"urlTemplate\":\"https:\/\/letrainjaune.fr\/ca\/?s={search_term_string}\"},\"query-input\":{\"@type\":\"PropertyValueSpecification\",\"valueRequired\":true,\"valueName\":\"search_term_string\"}}],\"inLanguage\":\"ca\"},{\"@type\":\"Organization\",\"@id\":\"https:\/\/letrainjaune.fr\/ca\/#organization\",\"name\":\"Dest\u00ed: El Tren Groc\",\"url\":\"https:\/\/letrainjaune.fr\/ca\/\",\"logo\":{\"@type\":\"ImageObject\",\"inLanguage\":\"ca\",\"@id\":\"https:\/\/letrainjaune.fr\/ca\/#\/schema\/logo\/image\/\",\"url\":\"https:\/\/letrainjaune.fr\/wp-content\/uploads\/2021\/04\/TJ_logo-TJ-footer.svg\",\"contentUrl\":\"https:\/\/letrainjaune.fr\/wp-content\/uploads\/2021\/04\/TJ_logo-TJ-footer.svg\",\"width\":\"1920\",\"height\":\"9999\",\"caption\":\"Dest\u00ed: El Tren Groc\"},\"image\":{\"@id\":\"https:\/\/letrainjaune.fr\/ca\/#\/schema\/logo\/image\/\"}}]}<\/script>\n<!-- \/ Yoast SEO plugin. -->","yoast_head_json":{"title":"Tancament temporal per obres de manteniment: del 23 de setembre al 10 de novembre del 2024 - Dest\u00ed: El Tren Groc","robots":{"index":"index","follow":"follow","max-snippet":"max-snippet:-1","max-image-preview":"max-image-preview:large","max-video-preview":"max-video-preview:-1"},"canonical":"https:\/\/letrainjaune.fr\/ca\/descobriu-el-train-jaune\/vida-del-tren\/tancament-temporal-per-obres-de-manteniment-del-23-de-setembre-al-10-de-novembre-del-2024\/","og_locale":"ca_ES","og_type":"article","og_title":"Tancament temporal per obres de manteniment: del 23 de setembre al 10 de novembre del 2024 - Dest\u00ed: El Tren Groc","og_description":"Manteniment anual La l\u00ednia del Tren Groc es tanca durant algunes setmanes a l&#8217;any, generalment a la tardor i la primavera, per realitzar treballs de manteniment indispensables. SNCF R\u00e9seau, en el marc del Pla Ferroviari d&#8217;Occitanie i donant continu\u00eftat a les obres de car\u00e0cter peri\u00f2dic realitzades des del 2019, prossegueix el programa de regeneraci\u00f3 de [&hellip;]","og_url":"https:\/\/letrainjaune.fr\/ca\/descobriu-el-train-jaune\/vida-del-tren\/tancament-temporal-per-obres-de-manteniment-del-23-de-setembre-al-10-de-novembre-del-2024\/","og_site_name":"Dest\u00ed: El Tren Groc","og_image":[{"width":1920,"height":1440,"url":"https:\/\/letrainjaune.fr\/wp-content\/uploads\/2023\/09\/20230707_170319-scaled.jpg","type":"image\/jpeg"}],"twitter_card":"summary_large_image","twitter_misc":{"Temps estimat de lectura":"1 minut"},"schema":{"@context":"https:\/\/schema.org","@graph":[{"@type":"WebPage","@id":"https:\/\/letrainjaune.fr\/ca\/descobriu-el-train-jaune\/vida-del-tren\/tancament-temporal-per-obres-de-manteniment-del-23-de-setembre-al-10-de-novembre-del-2024\/","url":"https:\/\/letrainjaune.fr\/ca\/descobriu-el-train-jaune\/vida-del-tren\/tancament-temporal-per-obres-de-manteniment-del-23-de-setembre-al-10-de-novembre-del-2024\/","name":"Tancament temporal per obres de manteniment: del 23 de setembre al 10 de novembre del 2024 - Dest\u00ed: El Tren Groc","isPartOf":{"@id":"https:\/\/letrainjaune.fr\/ca\/#website"},"primaryImageOfPage":{"@id":"https:\/\/letrainjaune.fr\/ca\/descobriu-el-train-jaune\/vida-del-tren\/tancament-temporal-per-obres-de-manteniment-del-23-de-setembre-al-10-de-novembre-del-2024\/#primaryimage"},"image":{"@id":"https:\/\/letrainjaune.fr\/ca\/descobriu-el-train-jaune\/vida-del-tren\/tancament-temporal-per-obres-de-manteniment-del-23-de-setembre-al-10-de-novembre-del-2024\/#primaryimage"},"thumbnailUrl":"https:\/\/letrainjaune.fr\/wp-content\/uploads\/2023\/09\/20230707_170319-scaled.jpg","datePublished":"2024-09-30T15:06:10+00:00","breadcrumb":{"@id":"https:\/\/letrainjaune.fr\/ca\/descobriu-el-train-jaune\/vida-del-tren\/tancament-temporal-per-obres-de-manteniment-del-23-de-setembre-al-10-de-novembre-del-2024\/#breadcrumb"},"inLanguage":"ca","potentialAction":[{"@type":"ReadAction","target":["https:\/\/letrainjaune.fr\/ca\/descobriu-el-train-jaune\/vida-del-tren\/tancament-temporal-per-obres-de-manteniment-del-23-de-setembre-al-10-de-novembre-del-2024\/"]}]},{"@type":"ImageObject","inLanguage":"ca","@id":"https:\/\/letrainjaune.fr\/ca\/descobriu-el-train-jaune\/vida-del-tren\/tancament-temporal-per-obres-de-manteniment-del-23-de-setembre-al-10-de-novembre-del-2024\/#primaryimage","url":"https:\/\/letrainjaune.fr\/wp-content\/uploads\/2023\/09\/20230707_170319-scaled.jpg","contentUrl":"https:\/\/letrainjaune.fr\/wp-content\/uploads\/2023\/09\/20230707_170319-scaled.jpg","width":1920,"height":1440,"caption":"Dans le souci de valoriser l\u2019emploi local, 5 autres ont \u00e9t\u00e9 recrut\u00e9es localement pour la r\u00e9alisation de travaux de peinture et d\u2019am\u00e9nagements int\u00e9rieurs, sans sp\u00e9cialit\u00e9, avec un contrat de 3 ans, via l\u2019int\u00e9rim."},{"@type":"BreadcrumbList","@id":"https:\/\/letrainjaune.fr\/ca\/descobriu-el-train-jaune\/vida-del-tren\/tancament-temporal-per-obres-de-manteniment-del-23-de-setembre-al-10-de-novembre-del-2024\/#breadcrumb","itemListElement":[{"@type":"ListItem","position":1,"name":"Benvinguda","item":"https:\/\/letrainjaune.fr\/ca\/"},{"@type":"ListItem","position":2,"name":"Actualit\u00e9s","item":"https:\/\/letrainjaune.fr\/ca\/descobriu-el-train-jaune\/vida-del-tren\/"},{"@type":"ListItem","position":3,"name":"Tancament temporal per obres de manteniment: del 23 de setembre al 10 de novembre del 2024"}]},{"@type":"WebSite","@id":"https:\/\/letrainjaune.fr\/ca\/#website","url":"https:\/\/letrainjaune.fr\/ca\/","name":"Dest\u00ed: El Tren Groc","description":"Dans les Pyr\u00e9n\u00e9es Catalanes, d\u00e9couvrez ce train sur le plus haut chemin de fer d\u2019Europe.","publisher":{"@id":"https:\/\/letrainjaune.fr\/ca\/#organization"},"potentialAction":[{"@type":"SearchAction","target":{"@type":"EntryPoint","urlTemplate":"https:\/\/letrainjaune.fr\/ca\/?s={search_term_string}"},"query-input":{"@type":"PropertyValueSpecification","valueRequired":true,"valueName":"search_term_string"}}],"inLanguage":"ca"},{"@type":"Organization","@id":"https:\/\/letrainjaune.fr\/ca\/#organization","name":"Dest\u00ed: El Tren Groc","url":"https:\/\/letrainjaune.fr\/ca\/","logo":{"@type":"ImageObject","inLanguage":"ca","@id":"https:\/\/letrainjaune.fr\/ca\/#\/schema\/logo\/image\/","url":"https:\/\/letrainjaune.fr\/wp-content\/uploads\/2021\/04\/TJ_logo-TJ-footer.svg","contentUrl":"https:\/\/letrainjaune.fr\/wp-content\/uploads\/2021\/04\/TJ_logo-TJ-footer.svg","width":"1920","height":"9999","caption":"Dest\u00ed: El Tren Groc"},"image":{"@id":"https:\/\/letrainjaune.fr\/ca\/#\/schema\/logo\/image\/"}}]}},"_links":{"self":[{"href":"https:\/\/letrainjaune.fr\/ca\/wp-json\/wp\/v2\/actualite\/14682","targetHints":{"allow":["GET"]}}],"collection":[{"href":"https:\/\/letrainjaune.fr\/ca\/wp-json\/wp\/v2\/actualite"}],"about":[{"href":"https:\/\/letrainjaune.fr\/ca\/wp-json\/wp\/v2\/types\/actualite"}],"version-history":[{"count":1,"href":"https:\/\/letrainjaune.fr\/ca\/wp-json\/wp\/v2\/actualite\/14682\/revisions"}],"predecessor-version":[{"id":14683,"href":"https:\/\/letrainjaune.fr\/ca\/wp-json\/wp\/v2\/actualite\/14682\/revisions\/14683"}],"wp:featuredmedia":[{"embeddable":true,"href":"https:\/\/letrainjaune.fr\/ca\/wp-json\/wp\/v2\/media\/12604"}],"wp:attachment":[{"href":"https:\/\/letrainjaune.fr\/ca\/wp-json\/wp\/v2\/media?parent=14682"}],"wp:term":[{"taxonomy":"actualite_category","embeddable":true,"href":"https:\/\/letrainjaune.fr\/ca\/wp-json\/wp\/v2\/actualite_category?post=14682"}],"curies":[{"name":"wp","href":"https:\/\/api.w.org\/{rel}","templated":true}]}}