{"id":14373,"date":"2024-06-27T15:16:45","date_gmt":"2024-06-27T13:16:45","guid":{"rendered":"https:\/\/letrainjaune.fr\/decouvrir-le-train-jaune\/vie-du-train\/the-yellow-train-on-the-waves\/"},"modified":"2024-06-27T15:16:48","modified_gmt":"2024-06-27T13:16:48","slug":"the-yellow-train-on-the-waves","status":"publish","type":"actualite","link":"https:\/\/letrainjaune.fr\/en\/discover-the-train-jaune\/life-of-the-train\/the-yellow-train-on-the-waves\/","title":{"rendered":"The Yellow Train on the waves!"},"content":{"rendered":"\n<p>Back up and running after two months of closure for essential line works!<\/p>\n\n<p>To celebrate, we spoke about the Yellow Train on the airwaves at our local radio station <a href=\"https:\/\/www.francebleu.fr\/\" target=\"_blank\" rel=\"noreferrer noopener\">France Bleu Roussillon<\/a>. <\/p>\n\n<p>Find the podcast <a href=\"https:\/\/www.francebleu.fr\/emissions\/vraiment-nature\/parc-naturel-regional-des-pyrenees-catalanes-et-le-train-jaune-1352475\">here<\/a>. <\/p>\n\n<p>Hop on board the Yellow Train!<\/p>\n","protected":false},"featured_media":13977,"template":"","actualite_category":[],"class_list":["post-14373","actualite","type-actualite","status-publish","has-post-thumbnail","hentry"],"acf":[],"yoast_head":"<!-- This site is optimized with the Yoast SEO plugin v25.4 - https:\/\/yoast.com\/wordpress\/plugins\/seo\/ -->\n<title>The Yellow Train on the waves! - Let\u2019s Get on the Yellow Train<\/title>\n<meta name=\"robots\" content=\"index, follow, max-snippet:-1, max-image-preview:large, max-video-preview:-1\" \/>\n<link rel=\"canonical\" href=\"https:\/\/letrainjaune.fr\/en\/discover-the-train-jaune\/life-of-the-train\/the-yellow-train-on-the-waves\/\" \/>\n<meta property=\"og:locale\" content=\"en_US\" \/>\n<meta property=\"og:type\" content=\"article\" \/>\n<meta property=\"og:title\" content=\"The Yellow Train on the waves! - Let\u2019s Get on the Yellow Train\" \/>\n<meta property=\"og:description\" content=\"Back up and running after two months of closure for essential line works! To celebrate, we spoke about the Yellow Train on the airwaves at our local radio station France Bleu Roussillon. Find the podcast here. Hop on board the Yellow Train!\" \/>\n<meta property=\"og:url\" content=\"https:\/\/letrainjaune.fr\/en\/discover-the-train-jaune\/life-of-the-train\/the-yellow-train-on-the-waves\/\" \/>\n<meta property=\"og:site_name\" content=\"Let\u2019s Get on the Yellow Train\" \/>\n<meta property=\"article:modified_time\" content=\"2024-06-27T13:16:48+00:00\" \/>\n<meta property=\"og:image\" content=\"https:\/\/letrainjaune.fr\/wp-content\/uploads\/2024\/05\/400x400_sc_vraiment-nature.jpg\" \/>\n\t<meta property=\"og:image:width\" content=\"400\" \/>\n\t<meta property=\"og:image:height\" content=\"400\" \/>\n\t<meta property=\"og:image:type\" content=\"image\/jpeg\" \/>\n<meta name=\"twitter:card\" content=\"summary_large_image\" \/>\n<script type=\"application\/ld+json\" class=\"yoast-schema-graph\">{\"@context\":\"https:\/\/schema.org\",\"@graph\":[{\"@type\":\"WebPage\",\"@id\":\"https:\/\/letrainjaune.fr\/en\/discover-the-train-jaune\/life-of-the-train\/the-yellow-train-on-the-waves\/\",\"url\":\"https:\/\/letrainjaune.fr\/en\/discover-the-train-jaune\/life-of-the-train\/the-yellow-train-on-the-waves\/\",\"name\":\"The Yellow Train on the waves! - Let\u2019s Get on the Yellow Train\",\"isPartOf\":{\"@id\":\"https:\/\/letrainjaune.fr\/en\/#website\"},\"primaryImageOfPage\":{\"@id\":\"https:\/\/letrainjaune.fr\/en\/discover-the-train-jaune\/life-of-the-train\/the-yellow-train-on-the-waves\/#primaryimage\"},\"image\":{\"@id\":\"https:\/\/letrainjaune.fr\/en\/discover-the-train-jaune\/life-of-the-train\/the-yellow-train-on-the-waves\/#primaryimage\"},\"thumbnailUrl\":\"https:\/\/letrainjaune.fr\/wp-content\/uploads\/2024\/05\/400x400_sc_vraiment-nature.jpg\",\"datePublished\":\"2024-06-27T13:16:45+00:00\",\"dateModified\":\"2024-06-27T13:16:48+00:00\",\"breadcrumb\":{\"@id\":\"https:\/\/letrainjaune.fr\/en\/discover-the-train-jaune\/life-of-the-train\/the-yellow-train-on-the-waves\/#breadcrumb\"},\"inLanguage\":\"en-US\",\"potentialAction\":[{\"@type\":\"ReadAction\",\"target\":[\"https:\/\/letrainjaune.fr\/en\/discover-the-train-jaune\/life-of-the-train\/the-yellow-train-on-the-waves\/\"]}]},{\"@type\":\"ImageObject\",\"inLanguage\":\"en-US\",\"@id\":\"https:\/\/letrainjaune.fr\/en\/discover-the-train-jaune\/life-of-the-train\/the-yellow-train-on-the-waves\/#primaryimage\",\"url\":\"https:\/\/letrainjaune.fr\/wp-content\/uploads\/2024\/05\/400x400_sc_vraiment-nature.jpg\",\"contentUrl\":\"https:\/\/letrainjaune.fr\/wp-content\/uploads\/2024\/05\/400x400_sc_vraiment-nature.jpg\",\"width\":400,\"height\":400},{\"@type\":\"BreadcrumbList\",\"@id\":\"https:\/\/letrainjaune.fr\/en\/discover-the-train-jaune\/life-of-the-train\/the-yellow-train-on-the-waves\/#breadcrumb\",\"itemListElement\":[{\"@type\":\"ListItem\",\"position\":1,\"name\":\"Home page\",\"item\":\"https:\/\/letrainjaune.fr\/en\/\"},{\"@type\":\"ListItem\",\"position\":2,\"name\":\"Actualit\u00e9s\",\"item\":\"https:\/\/letrainjaune.fr\/en\/discover-the-train-jaune\/life-of-the-train\/\"},{\"@type\":\"ListItem\",\"position\":3,\"name\":\"The Yellow Train on the waves!\"}]},{\"@type\":\"WebSite\",\"@id\":\"https:\/\/letrainjaune.fr\/en\/#website\",\"url\":\"https:\/\/letrainjaune.fr\/en\/\",\"name\":\"Let\u2019s Get on the Yellow Train\",\"description\":\"Dans les Pyr\u00e9n\u00e9es Catalanes, d\u00e9couvrez ce train sur le plus haut chemin de fer d\u2019Europe.\",\"publisher\":{\"@id\":\"https:\/\/letrainjaune.fr\/en\/#organization\"},\"potentialAction\":[{\"@type\":\"SearchAction\",\"target\":{\"@type\":\"EntryPoint\",\"urlTemplate\":\"https:\/\/letrainjaune.fr\/en\/?s={search_term_string}\"},\"query-input\":{\"@type\":\"PropertyValueSpecification\",\"valueRequired\":true,\"valueName\":\"search_term_string\"}}],\"inLanguage\":\"en-US\"},{\"@type\":\"Organization\",\"@id\":\"https:\/\/letrainjaune.fr\/en\/#organization\",\"name\":\"Let\u2019s Get on the Yellow Train\",\"url\":\"https:\/\/letrainjaune.fr\/en\/\",\"logo\":{\"@type\":\"ImageObject\",\"inLanguage\":\"en-US\",\"@id\":\"https:\/\/letrainjaune.fr\/en\/#\/schema\/logo\/image\/\",\"url\":\"https:\/\/letrainjaune.fr\/wp-content\/uploads\/2021\/04\/TJ_logo-TJ-footer.svg\",\"contentUrl\":\"https:\/\/letrainjaune.fr\/wp-content\/uploads\/2021\/04\/TJ_logo-TJ-footer.svg\",\"width\":\"1920\",\"height\":\"9999\",\"caption\":\"Let\u2019s Get on the Yellow Train\"},\"image\":{\"@id\":\"https:\/\/letrainjaune.fr\/en\/#\/schema\/logo\/image\/\"}}]}<\/script>\n<!-- \/ Yoast SEO plugin. -->","yoast_head_json":{"title":"The Yellow Train on the waves! - Let\u2019s Get on the Yellow Train","robots":{"index":"index","follow":"follow","max-snippet":"max-snippet:-1","max-image-preview":"max-image-preview:large","max-video-preview":"max-video-preview:-1"},"canonical":"https:\/\/letrainjaune.fr\/en\/discover-the-train-jaune\/life-of-the-train\/the-yellow-train-on-the-waves\/","og_locale":"en_US","og_type":"article","og_title":"The Yellow Train on the waves! - Let\u2019s Get on the Yellow Train","og_description":"Back up and running after two months of closure for essential line works! To celebrate, we spoke about the Yellow Train on the airwaves at our local radio station France Bleu Roussillon. Find the podcast here. Hop on board the Yellow Train!","og_url":"https:\/\/letrainjaune.fr\/en\/discover-the-train-jaune\/life-of-the-train\/the-yellow-train-on-the-waves\/","og_site_name":"Let\u2019s Get on the Yellow Train","article_modified_time":"2024-06-27T13:16:48+00:00","og_image":[{"width":400,"height":400,"url":"https:\/\/letrainjaune.fr\/wp-content\/uploads\/2024\/05\/400x400_sc_vraiment-nature.jpg","type":"image\/jpeg"}],"twitter_card":"summary_large_image","schema":{"@context":"https:\/\/schema.org","@graph":[{"@type":"WebPage","@id":"https:\/\/letrainjaune.fr\/en\/discover-the-train-jaune\/life-of-the-train\/the-yellow-train-on-the-waves\/","url":"https:\/\/letrainjaune.fr\/en\/discover-the-train-jaune\/life-of-the-train\/the-yellow-train-on-the-waves\/","name":"The Yellow Train on the waves! - Let\u2019s Get on the Yellow Train","isPartOf":{"@id":"https:\/\/letrainjaune.fr\/en\/#website"},"primaryImageOfPage":{"@id":"https:\/\/letrainjaune.fr\/en\/discover-the-train-jaune\/life-of-the-train\/the-yellow-train-on-the-waves\/#primaryimage"},"image":{"@id":"https:\/\/letrainjaune.fr\/en\/discover-the-train-jaune\/life-of-the-train\/the-yellow-train-on-the-waves\/#primaryimage"},"thumbnailUrl":"https:\/\/letrainjaune.fr\/wp-content\/uploads\/2024\/05\/400x400_sc_vraiment-nature.jpg","datePublished":"2024-06-27T13:16:45+00:00","dateModified":"2024-06-27T13:16:48+00:00","breadcrumb":{"@id":"https:\/\/letrainjaune.fr\/en\/discover-the-train-jaune\/life-of-the-train\/the-yellow-train-on-the-waves\/#breadcrumb"},"inLanguage":"en-US","potentialAction":[{"@type":"ReadAction","target":["https:\/\/letrainjaune.fr\/en\/discover-the-train-jaune\/life-of-the-train\/the-yellow-train-on-the-waves\/"]}]},{"@type":"ImageObject","inLanguage":"en-US","@id":"https:\/\/letrainjaune.fr\/en\/discover-the-train-jaune\/life-of-the-train\/the-yellow-train-on-the-waves\/#primaryimage","url":"https:\/\/letrainjaune.fr\/wp-content\/uploads\/2024\/05\/400x400_sc_vraiment-nature.jpg","contentUrl":"https:\/\/letrainjaune.fr\/wp-content\/uploads\/2024\/05\/400x400_sc_vraiment-nature.jpg","width":400,"height":400},{"@type":"BreadcrumbList","@id":"https:\/\/letrainjaune.fr\/en\/discover-the-train-jaune\/life-of-the-train\/the-yellow-train-on-the-waves\/#breadcrumb","itemListElement":[{"@type":"ListItem","position":1,"name":"Home page","item":"https:\/\/letrainjaune.fr\/en\/"},{"@type":"ListItem","position":2,"name":"Actualit\u00e9s","item":"https:\/\/letrainjaune.fr\/en\/discover-the-train-jaune\/life-of-the-train\/"},{"@type":"ListItem","position":3,"name":"The Yellow Train on the waves!"}]},{"@type":"WebSite","@id":"https:\/\/letrainjaune.fr\/en\/#website","url":"https:\/\/letrainjaune.fr\/en\/","name":"Let\u2019s Get on the Yellow Train","description":"Dans les Pyr\u00e9n\u00e9es Catalanes, d\u00e9couvrez ce train sur le plus haut chemin de fer d\u2019Europe.","publisher":{"@id":"https:\/\/letrainjaune.fr\/en\/#organization"},"potentialAction":[{"@type":"SearchAction","target":{"@type":"EntryPoint","urlTemplate":"https:\/\/letrainjaune.fr\/en\/?s={search_term_string}"},"query-input":{"@type":"PropertyValueSpecification","valueRequired":true,"valueName":"search_term_string"}}],"inLanguage":"en-US"},{"@type":"Organization","@id":"https:\/\/letrainjaune.fr\/en\/#organization","name":"Let\u2019s Get on the Yellow Train","url":"https:\/\/letrainjaune.fr\/en\/","logo":{"@type":"ImageObject","inLanguage":"en-US","@id":"https:\/\/letrainjaune.fr\/en\/#\/schema\/logo\/image\/","url":"https:\/\/letrainjaune.fr\/wp-content\/uploads\/2021\/04\/TJ_logo-TJ-footer.svg","contentUrl":"https:\/\/letrainjaune.fr\/wp-content\/uploads\/2021\/04\/TJ_logo-TJ-footer.svg","width":"1920","height":"9999","caption":"Let\u2019s Get on the Yellow Train"},"image":{"@id":"https:\/\/letrainjaune.fr\/en\/#\/schema\/logo\/image\/"}}]}},"_links":{"self":[{"href":"https:\/\/letrainjaune.fr\/en\/wp-json\/wp\/v2\/actualite\/14373","targetHints":{"allow":["GET"]}}],"collection":[{"href":"https:\/\/letrainjaune.fr\/en\/wp-json\/wp\/v2\/actualite"}],"about":[{"href":"https:\/\/letrainjaune.fr\/en\/wp-json\/wp\/v2\/types\/actualite"}],"version-history":[{"count":1,"href":"https:\/\/letrainjaune.fr\/en\/wp-json\/wp\/v2\/actualite\/14373\/revisions"}],"predecessor-version":[{"id":14374,"href":"https:\/\/letrainjaune.fr\/en\/wp-json\/wp\/v2\/actualite\/14373\/revisions\/14374"}],"wp:featuredmedia":[{"embeddable":true,"href":"https:\/\/letrainjaune.fr\/en\/wp-json\/wp\/v2\/media\/13977"}],"wp:attachment":[{"href":"https:\/\/letrainjaune.fr\/en\/wp-json\/wp\/v2\/media?parent=14373"}],"wp:term":[{"taxonomy":"actualite_category","embeddable":true,"href":"https:\/\/letrainjaune.fr\/en\/wp-json\/wp\/v2\/actualite_category?post=14373"}],"curies":[{"name":"wp","href":"https:\/\/api.w.org\/{rel}","templated":true}]}}