{"id":12917,"date":"2023-11-27T15:41:20","date_gmt":"2023-11-27T14:41:20","guid":{"rendered":"https:\/\/letrainjaune.fr\/decouvrir-le-train-jaune\/vie-du-train\/los-diaros-del-tren-amarillo-episodio-2\/"},"modified":"2023-11-27T15:41:25","modified_gmt":"2023-11-27T14:41:25","slug":"los-diaros-del-tren-amarillo-episodio-2","status":"publish","type":"actualite","link":"https:\/\/letrainjaune.fr\/es\/descubre-el-train-jaune\/vida-del-tren\/los-diaros-del-tren-amarillo-episodio-2\/","title":{"rendered":"Los Diarios del Tren Amarillo, Episodio 2"},"content":{"rendered":"\n<p>Con este nuevo evento que pone en relieve la colecci\u00f3n\u201cLos diarios del Tren Amarillo\u201d, el Parque Natural Regional de los Pirineos Catalanes le propone una retrospectiva, un viaje en el tiempo a trav\u00e9s de la construcci\u00f3n de la l\u00ednea del Tren Amarillo y su historia. Esta colecci\u00f3n es el fruto de la colaboraci\u00f3n entre el Parque Natural Regional de los Pirineos Catalanes y los historiadores Pierre Cazenove y Jean-Louis Blanchon, con la coedici\u00f3n del editorial Talaia.<\/p>\n\n<p>En esta segunda parte, mientras las conversaciones se animan tras el accidente de Le Paillat, las obras contin\u00faan a buen ritmo\u2026 <\/p>\n\n<h2 class=\"wp-block-heading\">Apertura de la l\u00ednea Parte 1 &#8211; Villefranche\/Mont-Louis <\/h2>\n\n<p>La puesta en marcha de Villefranche\/Mont-Louis solo esperaba la luz verde del Ministro. Entre Mont-Louis y Bourg-Madame, los obreros trabajan en el balastado y la colocaci\u00f3n de la v\u00eda. La regi\u00f3n de Cerda\u00f1a no tard\u00f3 en enterarse de que la l\u00ednea se inaugurar\u00eda el 1 de julio de 1910. Por desgracia, el deshielo y la lluvia provocaron varios derrumbes en la RN 116, as\u00ed como entre Olette y Nyer y cerca del puente Gisclard. Al mes siguiente, en junio, nuevos desprendimientos barrieron o da\u00f1aron el tercer riel y la l\u00ednea de alta tensi\u00f3n a cierta distancia. <\/p>\n\n<p>Por lo tanto, las operaciones se retrasaron hasta el 18 de julio de 1910, cuando estall\u00f3 el entusiasmo p\u00fablico a lo largo de toda la l\u00ednea. C\u00e9sar Boyer, corresponsal de <em>L\u2019ind\u00e9pendant <\/em>escribi\u00f3 aquel d\u00eda:\u00a0\u00ab<em>Es una subida paciente, segura y deliciosamente resbaladiza hacia las altas mesetas pirenaicas (&#8230;) Pasamos por la estaci\u00f3n de Joncet, reluciente de limpia, la de Olette, cuyo jard\u00edn ba\u00f1ado por el sol es de admiraci\u00f3n general, la de Nyer, acurrucada junto a un viaducto en un decorado de opereta, la de Thu\u00e8s-les-Bains que domina el torrente con sus aguas tumultuosas; cruzamos el Puente S\u00e9journ\u00e9, el Puente Gisclard, Fontp\u00e9drouse y aqu\u00ed estamos en la estaci\u00f3n de Mont-Louis\/La Cabanasse&#8230;\u00a0\u00bb<\/em> <\/p>\n<figure class=\"wp-block-image size-large\"><a href=https:\/\/letrainjaune.fr\/wp-content\/uploads\/2023\/03\/Eboulement-train-essai-3-scaled.jpg title=\"Malgr\u00e9 les nombreux murs de sout\u00e8nement qui jalonnent la voie, surtout dans le Conflent, quelques \u00e9boulements se produisent qui perturbent et interrompent momentan\u00e9ment la circulation des trains, retardant de quelques jours encore l\u2019inauguration de la ligne et l\u2019ouverture \u00e0 l\u2019exploitation commerciale. \n\" rel=\"prettyPhoto\"><img src=https:\/\/letrainjaune.fr\/wp-content\/uploads\/2023\/03\/Eboulement-train-essai-3-1920x1320.jpg alt=\"\" title=\"Eboulement-train-essai-3\" width=\"\" class=\"wp-image-9199\"\/><\/a><figcaption>Malgr\u00e9 les nombreux murs de sout\u00e8nement qui jalonnent la voie, surtout dans le Conflent, quelques \u00e9boulements se produisent qui perturbent et interrompent momentan\u00e9ment la circulation des trains, retardant de quelques jours encore l\u2019inauguration de la ligne et l\u2019ouverture \u00e0 l\u2019exploitation commerciale. \n<span>&copy; Archives D\u00e9partementale des P-O<\/span><\/figcaption><\/figure>\n<p>La Compagnie du Midi solo contaba entonces con dos coches motores equipados con el freno electromagn\u00e9tico introducido tras el accidente de Le Paillat. Uno permanece en reserva y el otro llega de Mont-Louis a las 7:15 h con 20 pasajeros. Puede transportar a 50 personas, lo cual no es suficiente para satisfacer a la multitud que espera en Villefranche. Muchos habitantes de Perpi\u00f1\u00e1n quieren participar en la inauguraci\u00f3n; los cuatro primeros billetes vendidos con destino a Mont-Louis fueron adquiridos por el doctor Janicot, Pierre Deit, director de Comptoir c\u00e9ramique, Ren\u00e9 Badie, cerrajero, y Aliet, carnicero de Perpi\u00f1\u00e1n.<\/p>\n\n<p>A ellos se unieron Jules Lax, Bes de Berc, Malterre, Rivi\u00e8re, Garau, Marquebielle, Lh\u00e9riaud, Achard, Delprat, Culli\u00e8re, Bernard-Bernard, Emmannuel Brousse y su familia.<\/p>\n\n<p>Toda la regi\u00f3n se agolpaba a lo largo de la ruta y en todas las estaciones. En Mont-Louis, en una estaci\u00f3n abarrotada, la <em>cobla <\/em>toca <em>La Marsellesa <\/em>cerca del ayuntamiento. Los escolares y el Sr. Rous, profesor de La Cabanasse, agitan fren\u00e9ticamente banderitas francesas o levantan ramos de flores. El tren se detiene; el alcalde, Sr. Delcasso, pronuncia el inevitable discurso en medio de aplausos; los escolares cantan estribillos muy celebrados. Durante el aperitivo de honor, en el Caf\u00e9 du pont, se hicieron mil brindis, entre ellos: \u00ab\u00a0<em>\u00a1Levantemos nuestras copas, caballeros! Como catalanes, brindemos por la prosperidad de nuestro distrito alto. Como franceses, brindemos por la grandeza de la Rep\u00fablica!\u00a0\u00bb<\/em><\/p>\n\n<p>A las 10:48 h, el segundo tren del d\u00eda regres\u00f3 a Villefranche. A las 15:00 h, despu\u00e9s del caf\u00e9 de honor en el <em>Grand caf\u00e9 de la gare, <\/em>la <em>cobla <\/em>toc\u00f3 <em>Le chant du d\u00e9part <\/em>a la salida del tercer y \u00faltimo tren. Durante todo el d\u00eda no hubo m\u00e1s que m\u00fasica, bailes y gritos a la gloria de Brousse y Lax. Por la noche, los fuegos artificiales iluminaron las alturas sobre la estaci\u00f3n. La fiesta continu\u00f3 hasta altas horas de la noche. Cerda\u00f1a exultante; es un gran d\u00eda para Brousse y Lax; Jules Escarguel recuerda que se atrevieron a llamarles asesinos tras el accidente de Gisclard, y que Dalbiez les acus\u00f3  \u00ab\u00a0<em>de haber gastado millones del presupuesto nacional en nuestro departamento.\u00a0\u00bb<\/em> <\/p>\n\n<p>La l\u00ednea fue un \u00e9xito inmediato. La estaci\u00f3n de Mont-Louis estaba siempre llena. El 23 de julio hab\u00eda 180 pasajeros. \u00a1El tren estaba tan lleno que la diligencia tuvo que continuar su servicio! <\/p>\n<figure class=\"wp-block-image size-full\"><a href=https:\/\/letrainjaune.fr\/wp-content\/uploads\/2023\/03\/TJ.BOURRET.2008.jpg title=\"En 1910, la mise en service de la ligne de Villefranche-de-Conflent jusqu\u2019\u00e0 la gare de Mont-Louis \/ La Cabanasse fait taire les pol\u00e9miques. Rapidement, le train \u00e9lectrique obtient un vif succ\u00e8s, au point qu\u2019il faut maintenir le service des diligences vers la Cerdagne pendant quelque temps encore, avant leur disparition d\u00e9finitive except\u00e9 en direction du Capcir. Les travaux de la ligne vers Bourg-Madame qui se poursuivent activement, vont durer une ann\u00e9e. \n\" rel=\"prettyPhoto\"><img src=https:\/\/letrainjaune.fr\/wp-content\/uploads\/2023\/03\/TJ.BOURRET.2008.jpg alt=\"\" title=\"TJ.BOURRET.2008\" width=\"\" class=\"wp-image-9203\"\/><\/a><figcaption>En 1910, la mise en service de la ligne de Villefranche-de-Conflent jusqu\u2019\u00e0 la gare de Mont-Louis \/ La Cabanasse fait taire les pol\u00e9miques. Rapidement, le train \u00e9lectrique obtient un vif succ\u00e8s, au point qu\u2019il faut maintenir le service des diligences vers la Cerdagne pendant quelque temps encore, avant leur disparition d\u00e9finitive except\u00e9 en direction du Capcir. Les travaux de la ligne vers Bourg-Madame qui se poursuivent activement, vont durer une ann\u00e9e. \n<span>&copy; Coll. Henri Bourret<\/span><\/figcaption><\/figure>\n<p>El 6 de agosto de 1910, Emmanuel Brousse puso en marcha dos coches motores. Oss\u00e9ja esperaba una temporada excepcional e incluso tem\u00eda una escasez de alojamientos disponibles. <\/p>\n\n<p>El 15 de agosto, Chemins de fer vendi\u00f3 billetes a mitad de precio. 122 pasajeros se agolparon en el tren de la ma\u00f1ana. Los hoteles tuvieron que rechazar a la gente. En el primer mes de funcionamiento, pasaron 30 000 pasajeros por la estaci\u00f3n de Mont-Louis. Algunos siguieron hasta Bourg-Madame en coche (5 F por cada asiento).<\/p>\n\n<p><em>\u00ab\u00a0Los habitantes de Cerda\u00f1a\u00a0\u00bb <\/em>son demasiado felices como para preocuparse por algunos contratiempos: un derrumbe en la entrada del puente Gisclard en septiembre, un descarrilamiento en Plan\u00e8s en marzo de 1911, un derrumbe entre Thu\u00e8s y Plan\u00e8s en abril, una detenci\u00f3n por falta de energ\u00eda a finales de ese mes.<\/p>\n\n<p>M\u00e1s cruel fue el accidente de Pierre Bolo, electricista de Axat. En septiembre de 1910, en Villefranche, puso la mano en el tercer riel y muri\u00f3 electrocutado.<\/p>\n\n<p>Al principio, el tren solo transportaba pasajeros. En noviembre de 1910, tras muchas quejas, comenzaron a verse vagones cargados con mercanc\u00edas.<\/p>\n\n<p><\/p>\n\n<h2 class=\"wp-block-heading\">Extracto del libro<\/h2>\n\n<p><strong>Los Diarios del Tren Amarillo<\/strong><\/p>\n\n<p>Volumen 1<strong> <\/strong>\u2013 <em>El nacimiento del Tren Amarillo<\/em><\/p>\n\n<p>autores: Jean-Louis Blanchon\/Pierre Cazenove <\/p>\n\n<p>Parque Natural Regional de los Pirineos Catalanes\/Editorial Talaia <\/p>\n\n<p>Junio de 2012 <\/p>\n\n<p>La colecci\u00f3n completa est\u00e1 disponible para consultar o comprar en la Casa del Parque Natural Regional de los Pirineos Catalanes, en Olette (66360, La Bastide).<\/p>\n","protected":false},"featured_media":9030,"template":"","actualite_category":[316],"class_list":["post-12917","actualite","type-actualite","status-publish","has-post-thumbnail","hentry","actualite_category-atras-en-el-tiempo"],"acf":[],"yoast_head":"<!-- This site is optimized with the Yoast SEO plugin v25.4 - https:\/\/yoast.com\/wordpress\/plugins\/seo\/ -->\n<title>Los Diarios del Tren Amarillo, Episodio 2 - Destino Tren amarillo<\/title>\n<meta name=\"robots\" content=\"index, follow, max-snippet:-1, max-image-preview:large, max-video-preview:-1\" \/>\n<link rel=\"canonical\" href=\"https:\/\/letrainjaune.fr\/es\/descubre-el-train-jaune\/vida-del-tren\/los-diaros-del-tren-amarillo-episodio-2\/\" \/>\n<meta property=\"og:locale\" content=\"es_ES\" \/>\n<meta property=\"og:type\" content=\"article\" \/>\n<meta property=\"og:title\" content=\"Los Diarios del Tren Amarillo, Episodio 2 - Destino Tren amarillo\" \/>\n<meta property=\"og:description\" content=\"Con este nuevo evento que pone en relieve la colecci\u00f3n\u201cLos diarios del Tren Amarillo\u201d, el Parque Natural Regional de los Pirineos Catalanes le propone una retrospectiva, un viaje en el tiempo a trav\u00e9s de la construcci\u00f3n de la l\u00ednea del Tren Amarillo y su historia. Esta colecci\u00f3n es el fruto de la colaboraci\u00f3n entre el [&hellip;]\" \/>\n<meta property=\"og:url\" content=\"https:\/\/letrainjaune.fr\/es\/descubre-el-train-jaune\/vida-del-tren\/los-diaros-del-tren-amarillo-episodio-2\/\" \/>\n<meta property=\"og:site_name\" content=\"Destino Tren amarillo\" \/>\n<meta property=\"article:modified_time\" content=\"2023-11-27T14:41:25+00:00\" \/>\n<meta property=\"og:image\" content=\"https:\/\/letrainjaune.fr\/wp-content\/uploads\/2023\/02\/T1-Quand-naissait-le-Train-Jaune.jpg\" \/>\n\t<meta property=\"og:image:width\" content=\"1386\" \/>\n\t<meta property=\"og:image:height\" content=\"1023\" \/>\n\t<meta property=\"og:image:type\" content=\"image\/jpeg\" \/>\n<meta name=\"twitter:card\" content=\"summary_large_image\" \/>\n<meta name=\"twitter:label1\" content=\"Tiempo de lectura\" \/>\n\t<meta name=\"twitter:data1\" content=\"6 minutos\" \/>\n<script type=\"application\/ld+json\" class=\"yoast-schema-graph\">{\"@context\":\"https:\/\/schema.org\",\"@graph\":[{\"@type\":\"WebPage\",\"@id\":\"https:\/\/letrainjaune.fr\/es\/descubre-el-train-jaune\/vida-del-tren\/los-diaros-del-tren-amarillo-episodio-2\/\",\"url\":\"https:\/\/letrainjaune.fr\/es\/descubre-el-train-jaune\/vida-del-tren\/los-diaros-del-tren-amarillo-episodio-2\/\",\"name\":\"Los Diarios del Tren Amarillo, Episodio 2 - Destino Tren amarillo\",\"isPartOf\":{\"@id\":\"https:\/\/letrainjaune.fr\/es\/#website\"},\"primaryImageOfPage\":{\"@id\":\"https:\/\/letrainjaune.fr\/es\/descubre-el-train-jaune\/vida-del-tren\/los-diaros-del-tren-amarillo-episodio-2\/#primaryimage\"},\"image\":{\"@id\":\"https:\/\/letrainjaune.fr\/es\/descubre-el-train-jaune\/vida-del-tren\/los-diaros-del-tren-amarillo-episodio-2\/#primaryimage\"},\"thumbnailUrl\":\"https:\/\/letrainjaune.fr\/wp-content\/uploads\/2023\/02\/T1-Quand-naissait-le-Train-Jaune.jpg\",\"datePublished\":\"2023-11-27T14:41:20+00:00\",\"dateModified\":\"2023-11-27T14:41:25+00:00\",\"breadcrumb\":{\"@id\":\"https:\/\/letrainjaune.fr\/es\/descubre-el-train-jaune\/vida-del-tren\/los-diaros-del-tren-amarillo-episodio-2\/#breadcrumb\"},\"inLanguage\":\"es\",\"potentialAction\":[{\"@type\":\"ReadAction\",\"target\":[\"https:\/\/letrainjaune.fr\/es\/descubre-el-train-jaune\/vida-del-tren\/los-diaros-del-tren-amarillo-episodio-2\/\"]}]},{\"@type\":\"ImageObject\",\"inLanguage\":\"es\",\"@id\":\"https:\/\/letrainjaune.fr\/es\/descubre-el-train-jaune\/vida-del-tren\/los-diaros-del-tren-amarillo-episodio-2\/#primaryimage\",\"url\":\"https:\/\/letrainjaune.fr\/wp-content\/uploads\/2023\/02\/T1-Quand-naissait-le-Train-Jaune.jpg\",\"contentUrl\":\"https:\/\/letrainjaune.fr\/wp-content\/uploads\/2023\/02\/T1-Quand-naissait-le-Train-Jaune.jpg\",\"width\":1386,\"height\":1023},{\"@type\":\"BreadcrumbList\",\"@id\":\"https:\/\/letrainjaune.fr\/es\/descubre-el-train-jaune\/vida-del-tren\/los-diaros-del-tren-amarillo-episodio-2\/#breadcrumb\",\"itemListElement\":[{\"@type\":\"ListItem\",\"position\":1,\"name\":\"Inicio\",\"item\":\"https:\/\/letrainjaune.fr\/es\/\"},{\"@type\":\"ListItem\",\"position\":2,\"name\":\"Actualit\u00e9s\",\"item\":\"https:\/\/letrainjaune.fr\/es\/descubre-el-train-jaune\/vida-del-tren\/\"},{\"@type\":\"ListItem\",\"position\":3,\"name\":\"Los Diarios del Tren Amarillo, Episodio 2\"}]},{\"@type\":\"WebSite\",\"@id\":\"https:\/\/letrainjaune.fr\/es\/#website\",\"url\":\"https:\/\/letrainjaune.fr\/es\/\",\"name\":\"Destino Tren amarillo\",\"description\":\"Dans les Pyr\u00e9n\u00e9es Catalanes, d\u00e9couvrez ce train sur le plus haut chemin de fer d\u2019Europe.\",\"publisher\":{\"@id\":\"https:\/\/letrainjaune.fr\/es\/#organization\"},\"potentialAction\":[{\"@type\":\"SearchAction\",\"target\":{\"@type\":\"EntryPoint\",\"urlTemplate\":\"https:\/\/letrainjaune.fr\/es\/?s={search_term_string}\"},\"query-input\":{\"@type\":\"PropertyValueSpecification\",\"valueRequired\":true,\"valueName\":\"search_term_string\"}}],\"inLanguage\":\"es\"},{\"@type\":\"Organization\",\"@id\":\"https:\/\/letrainjaune.fr\/es\/#organization\",\"name\":\"Destino Tren amarillo\",\"url\":\"https:\/\/letrainjaune.fr\/es\/\",\"logo\":{\"@type\":\"ImageObject\",\"inLanguage\":\"es\",\"@id\":\"https:\/\/letrainjaune.fr\/es\/#\/schema\/logo\/image\/\",\"url\":\"https:\/\/letrainjaune.fr\/wp-content\/uploads\/2021\/04\/TJ_logo-TJ-footer.svg\",\"contentUrl\":\"https:\/\/letrainjaune.fr\/wp-content\/uploads\/2021\/04\/TJ_logo-TJ-footer.svg\",\"width\":\"1920\",\"height\":\"9999\",\"caption\":\"Destino Tren amarillo\"},\"image\":{\"@id\":\"https:\/\/letrainjaune.fr\/es\/#\/schema\/logo\/image\/\"}}]}<\/script>\n<!-- \/ Yoast SEO plugin. -->","yoast_head_json":{"title":"Los Diarios del Tren Amarillo, Episodio 2 - Destino Tren amarillo","robots":{"index":"index","follow":"follow","max-snippet":"max-snippet:-1","max-image-preview":"max-image-preview:large","max-video-preview":"max-video-preview:-1"},"canonical":"https:\/\/letrainjaune.fr\/es\/descubre-el-train-jaune\/vida-del-tren\/los-diaros-del-tren-amarillo-episodio-2\/","og_locale":"es_ES","og_type":"article","og_title":"Los Diarios del Tren Amarillo, Episodio 2 - Destino Tren amarillo","og_description":"Con este nuevo evento que pone en relieve la colecci\u00f3n\u201cLos diarios del Tren Amarillo\u201d, el Parque Natural Regional de los Pirineos Catalanes le propone una retrospectiva, un viaje en el tiempo a trav\u00e9s de la construcci\u00f3n de la l\u00ednea del Tren Amarillo y su historia. Esta colecci\u00f3n es el fruto de la colaboraci\u00f3n entre el [&hellip;]","og_url":"https:\/\/letrainjaune.fr\/es\/descubre-el-train-jaune\/vida-del-tren\/los-diaros-del-tren-amarillo-episodio-2\/","og_site_name":"Destino Tren amarillo","article_modified_time":"2023-11-27T14:41:25+00:00","og_image":[{"width":1386,"height":1023,"url":"https:\/\/letrainjaune.fr\/wp-content\/uploads\/2023\/02\/T1-Quand-naissait-le-Train-Jaune.jpg","type":"image\/jpeg"}],"twitter_card":"summary_large_image","twitter_misc":{"Tiempo de lectura":"6 minutos"},"schema":{"@context":"https:\/\/schema.org","@graph":[{"@type":"WebPage","@id":"https:\/\/letrainjaune.fr\/es\/descubre-el-train-jaune\/vida-del-tren\/los-diaros-del-tren-amarillo-episodio-2\/","url":"https:\/\/letrainjaune.fr\/es\/descubre-el-train-jaune\/vida-del-tren\/los-diaros-del-tren-amarillo-episodio-2\/","name":"Los Diarios del Tren Amarillo, Episodio 2 - Destino Tren amarillo","isPartOf":{"@id":"https:\/\/letrainjaune.fr\/es\/#website"},"primaryImageOfPage":{"@id":"https:\/\/letrainjaune.fr\/es\/descubre-el-train-jaune\/vida-del-tren\/los-diaros-del-tren-amarillo-episodio-2\/#primaryimage"},"image":{"@id":"https:\/\/letrainjaune.fr\/es\/descubre-el-train-jaune\/vida-del-tren\/los-diaros-del-tren-amarillo-episodio-2\/#primaryimage"},"thumbnailUrl":"https:\/\/letrainjaune.fr\/wp-content\/uploads\/2023\/02\/T1-Quand-naissait-le-Train-Jaune.jpg","datePublished":"2023-11-27T14:41:20+00:00","dateModified":"2023-11-27T14:41:25+00:00","breadcrumb":{"@id":"https:\/\/letrainjaune.fr\/es\/descubre-el-train-jaune\/vida-del-tren\/los-diaros-del-tren-amarillo-episodio-2\/#breadcrumb"},"inLanguage":"es","potentialAction":[{"@type":"ReadAction","target":["https:\/\/letrainjaune.fr\/es\/descubre-el-train-jaune\/vida-del-tren\/los-diaros-del-tren-amarillo-episodio-2\/"]}]},{"@type":"ImageObject","inLanguage":"es","@id":"https:\/\/letrainjaune.fr\/es\/descubre-el-train-jaune\/vida-del-tren\/los-diaros-del-tren-amarillo-episodio-2\/#primaryimage","url":"https:\/\/letrainjaune.fr\/wp-content\/uploads\/2023\/02\/T1-Quand-naissait-le-Train-Jaune.jpg","contentUrl":"https:\/\/letrainjaune.fr\/wp-content\/uploads\/2023\/02\/T1-Quand-naissait-le-Train-Jaune.jpg","width":1386,"height":1023},{"@type":"BreadcrumbList","@id":"https:\/\/letrainjaune.fr\/es\/descubre-el-train-jaune\/vida-del-tren\/los-diaros-del-tren-amarillo-episodio-2\/#breadcrumb","itemListElement":[{"@type":"ListItem","position":1,"name":"Inicio","item":"https:\/\/letrainjaune.fr\/es\/"},{"@type":"ListItem","position":2,"name":"Actualit\u00e9s","item":"https:\/\/letrainjaune.fr\/es\/descubre-el-train-jaune\/vida-del-tren\/"},{"@type":"ListItem","position":3,"name":"Los Diarios del Tren Amarillo, Episodio 2"}]},{"@type":"WebSite","@id":"https:\/\/letrainjaune.fr\/es\/#website","url":"https:\/\/letrainjaune.fr\/es\/","name":"Destino Tren amarillo","description":"Dans les Pyr\u00e9n\u00e9es Catalanes, d\u00e9couvrez ce train sur le plus haut chemin de fer d\u2019Europe.","publisher":{"@id":"https:\/\/letrainjaune.fr\/es\/#organization"},"potentialAction":[{"@type":"SearchAction","target":{"@type":"EntryPoint","urlTemplate":"https:\/\/letrainjaune.fr\/es\/?s={search_term_string}"},"query-input":{"@type":"PropertyValueSpecification","valueRequired":true,"valueName":"search_term_string"}}],"inLanguage":"es"},{"@type":"Organization","@id":"https:\/\/letrainjaune.fr\/es\/#organization","name":"Destino Tren amarillo","url":"https:\/\/letrainjaune.fr\/es\/","logo":{"@type":"ImageObject","inLanguage":"es","@id":"https:\/\/letrainjaune.fr\/es\/#\/schema\/logo\/image\/","url":"https:\/\/letrainjaune.fr\/wp-content\/uploads\/2021\/04\/TJ_logo-TJ-footer.svg","contentUrl":"https:\/\/letrainjaune.fr\/wp-content\/uploads\/2021\/04\/TJ_logo-TJ-footer.svg","width":"1920","height":"9999","caption":"Destino Tren amarillo"},"image":{"@id":"https:\/\/letrainjaune.fr\/es\/#\/schema\/logo\/image\/"}}]}},"_links":{"self":[{"href":"https:\/\/letrainjaune.fr\/es\/wp-json\/wp\/v2\/actualite\/12917","targetHints":{"allow":["GET"]}}],"collection":[{"href":"https:\/\/letrainjaune.fr\/es\/wp-json\/wp\/v2\/actualite"}],"about":[{"href":"https:\/\/letrainjaune.fr\/es\/wp-json\/wp\/v2\/types\/actualite"}],"version-history":[{"count":1,"href":"https:\/\/letrainjaune.fr\/es\/wp-json\/wp\/v2\/actualite\/12917\/revisions"}],"predecessor-version":[{"id":12918,"href":"https:\/\/letrainjaune.fr\/es\/wp-json\/wp\/v2\/actualite\/12917\/revisions\/12918"}],"wp:featuredmedia":[{"embeddable":true,"href":"https:\/\/letrainjaune.fr\/es\/wp-json\/wp\/v2\/media\/9030"}],"wp:attachment":[{"href":"https:\/\/letrainjaune.fr\/es\/wp-json\/wp\/v2\/media?parent=12917"}],"wp:term":[{"taxonomy":"actualite_category","embeddable":true,"href":"https:\/\/letrainjaune.fr\/es\/wp-json\/wp\/v2\/actualite_category?post=12917"}],"curies":[{"name":"wp","href":"https:\/\/api.w.org\/{rel}","templated":true}]}}