{"id":13487,"date":"2024-03-07T10:14:36","date_gmt":"2024-03-07T09:14:36","guid":{"rendered":"https:\/\/letrainjaune.fr\/decouvrir-le-train-jaune\/vie-du-train\/interrupcion-del-trafico\/"},"modified":"2024-05-24T16:23:28","modified_gmt":"2024-05-24T14:23:28","slug":"interrupcion-del-trafico","status":"publish","type":"actualite","link":"https:\/\/letrainjaune.fr\/es\/descubre-el-train-jaune\/vida-del-tren\/interrupcion-del-trafico\/","title":{"rendered":"Interrupci\u00f3n del tr\u00e1fico"},"content":{"rendered":"\n<p>Las obras entre Villefranche-Vernet-les-Bains y Latour-de-Carol se prolongar\u00e1n hasta el 26 de abril de 2024.<\/p>\n\n<p>Mientras duren \u00e9stas, se interrumpir\u00e1 el tr\u00e1fico ferroviario; es por ello que se recomienda a los pasajeros a utilizar la l\u00ednea regular de autocares liO n\u00ba 560.<\/p>\n\n<p>Adem\u00e1s de esta ruta liO Car 560, s\u00f3lo los autocares mencionados en el <a href=\"https:\/\/ter-fiches-horaires.sncf.fr\/publish\/Train%20Jaune%20fermeture%20du%2026%20f%C3%83%C2%A9vrier%20au%2025%20avril%20affiche.pdf\" target=\"_blank\" rel=\"noreferrer noopener\">siguiente enlace<\/a> operar\u00e1n en la ruta en la fecha anunciada.<\/p>\n\n<p>Mant\u00e9ngase informado en tiempo real en la p\u00e1gina\u00a0<a href=\"https:\/\/ter.sncf.com\/occitanie\/se-deplacer\/info-trafic\">Info Trafic<\/a>\u00a0de liO Train SNCF Occitanie, en su hilo de Twitter\u00a0<a href=\"https:\/\/twitter.com\/lio_train_sncf?ref_src=twsrc%5Egoogle%7Ctwcamp%5Eserp%7Ctwgr%5Eauthor\">@lio_train_sncf\u00a0<\/a>y en SNCF Connect o cualquier otra aplicaci\u00f3n de movilidad.<\/p>\n","protected":false},"featured_media":0,"template":"","actualite_category":[300],"class_list":["post-13487","actualite","type-actualite","status-publish","hentry","actualite_category-informacion-sobre-el-trafico"],"acf":[],"yoast_head":"<!-- This site is optimized with the Yoast SEO plugin v25.4 - https:\/\/yoast.com\/wordpress\/plugins\/seo\/ -->\n<title>Interrupci\u00f3n del tr\u00e1fico - Destino Tren amarillo<\/title>\n<meta name=\"robots\" content=\"index, follow, max-snippet:-1, max-image-preview:large, max-video-preview:-1\" \/>\n<link rel=\"canonical\" href=\"https:\/\/letrainjaune.fr\/es\/descubre-el-train-jaune\/vida-del-tren\/interrupcion-del-trafico\/\" \/>\n<meta property=\"og:locale\" content=\"es_ES\" \/>\n<meta property=\"og:type\" content=\"article\" \/>\n<meta property=\"og:title\" content=\"Interrupci\u00f3n del tr\u00e1fico - Destino Tren amarillo\" \/>\n<meta property=\"og:description\" content=\"Las obras entre Villefranche-Vernet-les-Bains y Latour-de-Carol se prolongar\u00e1n hasta el 26 de abril de 2024. Mientras duren \u00e9stas, se interrumpir\u00e1 el tr\u00e1fico ferroviario; es por ello que se recomienda a los pasajeros a utilizar la l\u00ednea regular de autocares liO n\u00ba 560. Adem\u00e1s de esta ruta liO Car 560, s\u00f3lo los autocares mencionados en el [&hellip;]\" \/>\n<meta property=\"og:url\" content=\"https:\/\/letrainjaune.fr\/es\/descubre-el-train-jaune\/vida-del-tren\/interrupcion-del-trafico\/\" \/>\n<meta property=\"og:site_name\" content=\"Destino Tren amarillo\" \/>\n<meta property=\"article:modified_time\" content=\"2024-05-24T14:23:28+00:00\" \/>\n<meta name=\"twitter:card\" content=\"summary_large_image\" \/>\n<meta name=\"twitter:label1\" content=\"Tiempo de lectura\" \/>\n\t<meta name=\"twitter:data1\" content=\"1 minuto\" \/>\n<script type=\"application\/ld+json\" class=\"yoast-schema-graph\">{\"@context\":\"https:\/\/schema.org\",\"@graph\":[{\"@type\":\"WebPage\",\"@id\":\"https:\/\/letrainjaune.fr\/es\/descubre-el-train-jaune\/vida-del-tren\/interrupcion-del-trafico\/\",\"url\":\"https:\/\/letrainjaune.fr\/es\/descubre-el-train-jaune\/vida-del-tren\/interrupcion-del-trafico\/\",\"name\":\"Interrupci\u00f3n del tr\u00e1fico - Destino Tren amarillo\",\"isPartOf\":{\"@id\":\"https:\/\/letrainjaune.fr\/es\/#website\"},\"datePublished\":\"2024-03-07T09:14:36+00:00\",\"dateModified\":\"2024-05-24T14:23:28+00:00\",\"breadcrumb\":{\"@id\":\"https:\/\/letrainjaune.fr\/es\/descubre-el-train-jaune\/vida-del-tren\/interrupcion-del-trafico\/#breadcrumb\"},\"inLanguage\":\"es\",\"potentialAction\":[{\"@type\":\"ReadAction\",\"target\":[\"https:\/\/letrainjaune.fr\/es\/descubre-el-train-jaune\/vida-del-tren\/interrupcion-del-trafico\/\"]}]},{\"@type\":\"BreadcrumbList\",\"@id\":\"https:\/\/letrainjaune.fr\/es\/descubre-el-train-jaune\/vida-del-tren\/interrupcion-del-trafico\/#breadcrumb\",\"itemListElement\":[{\"@type\":\"ListItem\",\"position\":1,\"name\":\"Inicio\",\"item\":\"https:\/\/letrainjaune.fr\/es\/\"},{\"@type\":\"ListItem\",\"position\":2,\"name\":\"Actualit\u00e9s\",\"item\":\"https:\/\/letrainjaune.fr\/es\/descubre-el-train-jaune\/vida-del-tren\/\"},{\"@type\":\"ListItem\",\"position\":3,\"name\":\"Interrupci\u00f3n del tr\u00e1fico\"}]},{\"@type\":\"WebSite\",\"@id\":\"https:\/\/letrainjaune.fr\/es\/#website\",\"url\":\"https:\/\/letrainjaune.fr\/es\/\",\"name\":\"Destino Tren amarillo\",\"description\":\"Dans les Pyr\u00e9n\u00e9es Catalanes, d\u00e9couvrez ce train sur le plus haut chemin de fer d\u2019Europe.\",\"publisher\":{\"@id\":\"https:\/\/letrainjaune.fr\/es\/#organization\"},\"potentialAction\":[{\"@type\":\"SearchAction\",\"target\":{\"@type\":\"EntryPoint\",\"urlTemplate\":\"https:\/\/letrainjaune.fr\/es\/?s={search_term_string}\"},\"query-input\":{\"@type\":\"PropertyValueSpecification\",\"valueRequired\":true,\"valueName\":\"search_term_string\"}}],\"inLanguage\":\"es\"},{\"@type\":\"Organization\",\"@id\":\"https:\/\/letrainjaune.fr\/es\/#organization\",\"name\":\"Destino Tren amarillo\",\"url\":\"https:\/\/letrainjaune.fr\/es\/\",\"logo\":{\"@type\":\"ImageObject\",\"inLanguage\":\"es\",\"@id\":\"https:\/\/letrainjaune.fr\/es\/#\/schema\/logo\/image\/\",\"url\":\"https:\/\/letrainjaune.fr\/wp-content\/uploads\/2021\/04\/TJ_logo-TJ-footer.svg\",\"contentUrl\":\"https:\/\/letrainjaune.fr\/wp-content\/uploads\/2021\/04\/TJ_logo-TJ-footer.svg\",\"width\":\"1920\",\"height\":\"9999\",\"caption\":\"Destino Tren amarillo\"},\"image\":{\"@id\":\"https:\/\/letrainjaune.fr\/es\/#\/schema\/logo\/image\/\"}}]}<\/script>\n<!-- \/ Yoast SEO plugin. -->","yoast_head_json":{"title":"Interrupci\u00f3n del tr\u00e1fico - Destino Tren amarillo","robots":{"index":"index","follow":"follow","max-snippet":"max-snippet:-1","max-image-preview":"max-image-preview:large","max-video-preview":"max-video-preview:-1"},"canonical":"https:\/\/letrainjaune.fr\/es\/descubre-el-train-jaune\/vida-del-tren\/interrupcion-del-trafico\/","og_locale":"es_ES","og_type":"article","og_title":"Interrupci\u00f3n del tr\u00e1fico - Destino Tren amarillo","og_description":"Las obras entre Villefranche-Vernet-les-Bains y Latour-de-Carol se prolongar\u00e1n hasta el 26 de abril de 2024. Mientras duren \u00e9stas, se interrumpir\u00e1 el tr\u00e1fico ferroviario; es por ello que se recomienda a los pasajeros a utilizar la l\u00ednea regular de autocares liO n\u00ba 560. Adem\u00e1s de esta ruta liO Car 560, s\u00f3lo los autocares mencionados en el [&hellip;]","og_url":"https:\/\/letrainjaune.fr\/es\/descubre-el-train-jaune\/vida-del-tren\/interrupcion-del-trafico\/","og_site_name":"Destino Tren amarillo","article_modified_time":"2024-05-24T14:23:28+00:00","twitter_card":"summary_large_image","twitter_misc":{"Tiempo de lectura":"1 minuto"},"schema":{"@context":"https:\/\/schema.org","@graph":[{"@type":"WebPage","@id":"https:\/\/letrainjaune.fr\/es\/descubre-el-train-jaune\/vida-del-tren\/interrupcion-del-trafico\/","url":"https:\/\/letrainjaune.fr\/es\/descubre-el-train-jaune\/vida-del-tren\/interrupcion-del-trafico\/","name":"Interrupci\u00f3n del tr\u00e1fico - Destino Tren amarillo","isPartOf":{"@id":"https:\/\/letrainjaune.fr\/es\/#website"},"datePublished":"2024-03-07T09:14:36+00:00","dateModified":"2024-05-24T14:23:28+00:00","breadcrumb":{"@id":"https:\/\/letrainjaune.fr\/es\/descubre-el-train-jaune\/vida-del-tren\/interrupcion-del-trafico\/#breadcrumb"},"inLanguage":"es","potentialAction":[{"@type":"ReadAction","target":["https:\/\/letrainjaune.fr\/es\/descubre-el-train-jaune\/vida-del-tren\/interrupcion-del-trafico\/"]}]},{"@type":"BreadcrumbList","@id":"https:\/\/letrainjaune.fr\/es\/descubre-el-train-jaune\/vida-del-tren\/interrupcion-del-trafico\/#breadcrumb","itemListElement":[{"@type":"ListItem","position":1,"name":"Inicio","item":"https:\/\/letrainjaune.fr\/es\/"},{"@type":"ListItem","position":2,"name":"Actualit\u00e9s","item":"https:\/\/letrainjaune.fr\/es\/descubre-el-train-jaune\/vida-del-tren\/"},{"@type":"ListItem","position":3,"name":"Interrupci\u00f3n del tr\u00e1fico"}]},{"@type":"WebSite","@id":"https:\/\/letrainjaune.fr\/es\/#website","url":"https:\/\/letrainjaune.fr\/es\/","name":"Destino Tren amarillo","description":"Dans les Pyr\u00e9n\u00e9es Catalanes, d\u00e9couvrez ce train sur le plus haut chemin de fer d\u2019Europe.","publisher":{"@id":"https:\/\/letrainjaune.fr\/es\/#organization"},"potentialAction":[{"@type":"SearchAction","target":{"@type":"EntryPoint","urlTemplate":"https:\/\/letrainjaune.fr\/es\/?s={search_term_string}"},"query-input":{"@type":"PropertyValueSpecification","valueRequired":true,"valueName":"search_term_string"}}],"inLanguage":"es"},{"@type":"Organization","@id":"https:\/\/letrainjaune.fr\/es\/#organization","name":"Destino Tren amarillo","url":"https:\/\/letrainjaune.fr\/es\/","logo":{"@type":"ImageObject","inLanguage":"es","@id":"https:\/\/letrainjaune.fr\/es\/#\/schema\/logo\/image\/","url":"https:\/\/letrainjaune.fr\/wp-content\/uploads\/2021\/04\/TJ_logo-TJ-footer.svg","contentUrl":"https:\/\/letrainjaune.fr\/wp-content\/uploads\/2021\/04\/TJ_logo-TJ-footer.svg","width":"1920","height":"9999","caption":"Destino Tren amarillo"},"image":{"@id":"https:\/\/letrainjaune.fr\/es\/#\/schema\/logo\/image\/"}}]}},"_links":{"self":[{"href":"https:\/\/letrainjaune.fr\/es\/wp-json\/wp\/v2\/actualite\/13487","targetHints":{"allow":["GET"]}}],"collection":[{"href":"https:\/\/letrainjaune.fr\/es\/wp-json\/wp\/v2\/actualite"}],"about":[{"href":"https:\/\/letrainjaune.fr\/es\/wp-json\/wp\/v2\/types\/actualite"}],"version-history":[{"count":1,"href":"https:\/\/letrainjaune.fr\/es\/wp-json\/wp\/v2\/actualite\/13487\/revisions"}],"predecessor-version":[{"id":13488,"href":"https:\/\/letrainjaune.fr\/es\/wp-json\/wp\/v2\/actualite\/13487\/revisions\/13488"}],"wp:attachment":[{"href":"https:\/\/letrainjaune.fr\/es\/wp-json\/wp\/v2\/media?parent=13487"}],"wp:term":[{"taxonomy":"actualite_category","embeddable":true,"href":"https:\/\/letrainjaune.fr\/es\/wp-json\/wp\/v2\/actualite_category?post=13487"}],"curies":[{"name":"wp","href":"https:\/\/api.w.org\/{rel}","templated":true}]}}