{"id":14377,"date":"2024-06-27T15:22:54","date_gmt":"2024-06-27T13:22:54","guid":{"rendered":"https:\/\/letrainjaune.fr\/decouvrir-le-train-jaune\/vie-du-train\/el-tren-amarillo-en-antena\/"},"modified":"2024-06-27T15:22:58","modified_gmt":"2024-06-27T13:22:58","slug":"el-tren-amarillo-en-antena","status":"publish","type":"actualite","link":"https:\/\/letrainjaune.fr\/es\/descubre-el-train-jaune\/vida-del-tren\/el-tren-amarillo-en-antena\/","title":{"rendered":"\u00a1El Tren Amarillo en antena!"},"content":{"rendered":"\n<p>Vuelve a circular tras dos meses de cierre por obras indispensables en la l\u00ednea.<\/p>\n\n<p>Para celebrarlo, hemos hablado con la radio local <a href=\"https:\/\/www.francebleu.fr\/\" target=\"_blank\" rel=\"noreferrer noopener\">France Bleu Roussillon<\/a> sobre el Tren Amarillo.<\/p>\n\n<p>Podr\u00e1 escuchar el podcast <a href=\"https:\/\/www.francebleu.fr\/emissions\/vraiment-nature\/parc-naturel-regional-des-pyrenees-catalanes-et-le-train-jaune-1352475\">aqui<\/a>. <\/p>\n\n<p>\u00a1S\u00fabase al Tren Amarillo!<\/p>\n","protected":false},"featured_media":13978,"template":"","actualite_category":[],"class_list":["post-14377","actualite","type-actualite","status-publish","has-post-thumbnail","hentry"],"acf":[],"yoast_head":"<!-- This site is optimized with the Yoast SEO plugin v25.4 - https:\/\/yoast.com\/wordpress\/plugins\/seo\/ -->\n<title>\u00a1El Tren Amarillo en antena! - Destino Tren amarillo<\/title>\n<meta name=\"robots\" content=\"index, follow, max-snippet:-1, max-image-preview:large, max-video-preview:-1\" \/>\n<link rel=\"canonical\" href=\"https:\/\/letrainjaune.fr\/es\/descubre-el-train-jaune\/vida-del-tren\/el-tren-amarillo-en-antena\/\" \/>\n<meta property=\"og:locale\" content=\"es_ES\" \/>\n<meta property=\"og:type\" content=\"article\" \/>\n<meta property=\"og:title\" content=\"\u00a1El Tren Amarillo en antena! - Destino Tren amarillo\" \/>\n<meta property=\"og:description\" content=\"Vuelve a circular tras dos meses de cierre por obras indispensables en la l\u00ednea. Para celebrarlo, hemos hablado con la radio local France Bleu Roussillon sobre el Tren Amarillo. Podr\u00e1 escuchar el podcast aqui. \u00a1S\u00fabase al Tren Amarillo!\" \/>\n<meta property=\"og:url\" content=\"https:\/\/letrainjaune.fr\/es\/descubre-el-train-jaune\/vida-del-tren\/el-tren-amarillo-en-antena\/\" \/>\n<meta property=\"og:site_name\" content=\"Destino Tren amarillo\" \/>\n<meta property=\"article:modified_time\" content=\"2024-06-27T13:22:58+00:00\" \/>\n<meta property=\"og:image\" content=\"https:\/\/letrainjaune.fr\/wp-content\/uploads\/2024\/05\/400x400_sc_vraiment-nature.jpg\" \/>\n\t<meta property=\"og:image:width\" content=\"400\" \/>\n\t<meta property=\"og:image:height\" content=\"400\" \/>\n\t<meta property=\"og:image:type\" content=\"image\/jpeg\" \/>\n<meta name=\"twitter:card\" content=\"summary_large_image\" \/>\n<script type=\"application\/ld+json\" class=\"yoast-schema-graph\">{\"@context\":\"https:\/\/schema.org\",\"@graph\":[{\"@type\":\"WebPage\",\"@id\":\"https:\/\/letrainjaune.fr\/es\/descubre-el-train-jaune\/vida-del-tren\/el-tren-amarillo-en-antena\/\",\"url\":\"https:\/\/letrainjaune.fr\/es\/descubre-el-train-jaune\/vida-del-tren\/el-tren-amarillo-en-antena\/\",\"name\":\"\u00a1El Tren Amarillo en antena! - Destino Tren amarillo\",\"isPartOf\":{\"@id\":\"https:\/\/letrainjaune.fr\/es\/#website\"},\"primaryImageOfPage\":{\"@id\":\"https:\/\/letrainjaune.fr\/es\/descubre-el-train-jaune\/vida-del-tren\/el-tren-amarillo-en-antena\/#primaryimage\"},\"image\":{\"@id\":\"https:\/\/letrainjaune.fr\/es\/descubre-el-train-jaune\/vida-del-tren\/el-tren-amarillo-en-antena\/#primaryimage\"},\"thumbnailUrl\":\"https:\/\/letrainjaune.fr\/wp-content\/uploads\/2024\/05\/400x400_sc_vraiment-nature.jpg\",\"datePublished\":\"2024-06-27T13:22:54+00:00\",\"dateModified\":\"2024-06-27T13:22:58+00:00\",\"breadcrumb\":{\"@id\":\"https:\/\/letrainjaune.fr\/es\/descubre-el-train-jaune\/vida-del-tren\/el-tren-amarillo-en-antena\/#breadcrumb\"},\"inLanguage\":\"es\",\"potentialAction\":[{\"@type\":\"ReadAction\",\"target\":[\"https:\/\/letrainjaune.fr\/es\/descubre-el-train-jaune\/vida-del-tren\/el-tren-amarillo-en-antena\/\"]}]},{\"@type\":\"ImageObject\",\"inLanguage\":\"es\",\"@id\":\"https:\/\/letrainjaune.fr\/es\/descubre-el-train-jaune\/vida-del-tren\/el-tren-amarillo-en-antena\/#primaryimage\",\"url\":\"https:\/\/letrainjaune.fr\/wp-content\/uploads\/2024\/05\/400x400_sc_vraiment-nature.jpg\",\"contentUrl\":\"https:\/\/letrainjaune.fr\/wp-content\/uploads\/2024\/05\/400x400_sc_vraiment-nature.jpg\",\"width\":400,\"height\":400},{\"@type\":\"BreadcrumbList\",\"@id\":\"https:\/\/letrainjaune.fr\/es\/descubre-el-train-jaune\/vida-del-tren\/el-tren-amarillo-en-antena\/#breadcrumb\",\"itemListElement\":[{\"@type\":\"ListItem\",\"position\":1,\"name\":\"Inicio\",\"item\":\"https:\/\/letrainjaune.fr\/es\/\"},{\"@type\":\"ListItem\",\"position\":2,\"name\":\"Actualit\u00e9s\",\"item\":\"https:\/\/letrainjaune.fr\/es\/descubre-el-train-jaune\/vida-del-tren\/\"},{\"@type\":\"ListItem\",\"position\":3,\"name\":\"\u00a1El Tren Amarillo en antena!\"}]},{\"@type\":\"WebSite\",\"@id\":\"https:\/\/letrainjaune.fr\/es\/#website\",\"url\":\"https:\/\/letrainjaune.fr\/es\/\",\"name\":\"Destino Tren amarillo\",\"description\":\"Dans les Pyr\u00e9n\u00e9es Catalanes, d\u00e9couvrez ce train sur le plus haut chemin de fer d\u2019Europe.\",\"publisher\":{\"@id\":\"https:\/\/letrainjaune.fr\/es\/#organization\"},\"potentialAction\":[{\"@type\":\"SearchAction\",\"target\":{\"@type\":\"EntryPoint\",\"urlTemplate\":\"https:\/\/letrainjaune.fr\/es\/?s={search_term_string}\"},\"query-input\":{\"@type\":\"PropertyValueSpecification\",\"valueRequired\":true,\"valueName\":\"search_term_string\"}}],\"inLanguage\":\"es\"},{\"@type\":\"Organization\",\"@id\":\"https:\/\/letrainjaune.fr\/es\/#organization\",\"name\":\"Destino Tren amarillo\",\"url\":\"https:\/\/letrainjaune.fr\/es\/\",\"logo\":{\"@type\":\"ImageObject\",\"inLanguage\":\"es\",\"@id\":\"https:\/\/letrainjaune.fr\/es\/#\/schema\/logo\/image\/\",\"url\":\"https:\/\/letrainjaune.fr\/wp-content\/uploads\/2021\/04\/TJ_logo-TJ-footer.svg\",\"contentUrl\":\"https:\/\/letrainjaune.fr\/wp-content\/uploads\/2021\/04\/TJ_logo-TJ-footer.svg\",\"width\":\"1920\",\"height\":\"9999\",\"caption\":\"Destino Tren amarillo\"},\"image\":{\"@id\":\"https:\/\/letrainjaune.fr\/es\/#\/schema\/logo\/image\/\"}}]}<\/script>\n<!-- \/ Yoast SEO plugin. -->","yoast_head_json":{"title":"\u00a1El Tren Amarillo en antena! - Destino Tren amarillo","robots":{"index":"index","follow":"follow","max-snippet":"max-snippet:-1","max-image-preview":"max-image-preview:large","max-video-preview":"max-video-preview:-1"},"canonical":"https:\/\/letrainjaune.fr\/es\/descubre-el-train-jaune\/vida-del-tren\/el-tren-amarillo-en-antena\/","og_locale":"es_ES","og_type":"article","og_title":"\u00a1El Tren Amarillo en antena! - Destino Tren amarillo","og_description":"Vuelve a circular tras dos meses de cierre por obras indispensables en la l\u00ednea. Para celebrarlo, hemos hablado con la radio local France Bleu Roussillon sobre el Tren Amarillo. Podr\u00e1 escuchar el podcast aqui. \u00a1S\u00fabase al Tren Amarillo!","og_url":"https:\/\/letrainjaune.fr\/es\/descubre-el-train-jaune\/vida-del-tren\/el-tren-amarillo-en-antena\/","og_site_name":"Destino Tren amarillo","article_modified_time":"2024-06-27T13:22:58+00:00","og_image":[{"width":400,"height":400,"url":"https:\/\/letrainjaune.fr\/wp-content\/uploads\/2024\/05\/400x400_sc_vraiment-nature.jpg","type":"image\/jpeg"}],"twitter_card":"summary_large_image","schema":{"@context":"https:\/\/schema.org","@graph":[{"@type":"WebPage","@id":"https:\/\/letrainjaune.fr\/es\/descubre-el-train-jaune\/vida-del-tren\/el-tren-amarillo-en-antena\/","url":"https:\/\/letrainjaune.fr\/es\/descubre-el-train-jaune\/vida-del-tren\/el-tren-amarillo-en-antena\/","name":"\u00a1El Tren Amarillo en antena! - Destino Tren amarillo","isPartOf":{"@id":"https:\/\/letrainjaune.fr\/es\/#website"},"primaryImageOfPage":{"@id":"https:\/\/letrainjaune.fr\/es\/descubre-el-train-jaune\/vida-del-tren\/el-tren-amarillo-en-antena\/#primaryimage"},"image":{"@id":"https:\/\/letrainjaune.fr\/es\/descubre-el-train-jaune\/vida-del-tren\/el-tren-amarillo-en-antena\/#primaryimage"},"thumbnailUrl":"https:\/\/letrainjaune.fr\/wp-content\/uploads\/2024\/05\/400x400_sc_vraiment-nature.jpg","datePublished":"2024-06-27T13:22:54+00:00","dateModified":"2024-06-27T13:22:58+00:00","breadcrumb":{"@id":"https:\/\/letrainjaune.fr\/es\/descubre-el-train-jaune\/vida-del-tren\/el-tren-amarillo-en-antena\/#breadcrumb"},"inLanguage":"es","potentialAction":[{"@type":"ReadAction","target":["https:\/\/letrainjaune.fr\/es\/descubre-el-train-jaune\/vida-del-tren\/el-tren-amarillo-en-antena\/"]}]},{"@type":"ImageObject","inLanguage":"es","@id":"https:\/\/letrainjaune.fr\/es\/descubre-el-train-jaune\/vida-del-tren\/el-tren-amarillo-en-antena\/#primaryimage","url":"https:\/\/letrainjaune.fr\/wp-content\/uploads\/2024\/05\/400x400_sc_vraiment-nature.jpg","contentUrl":"https:\/\/letrainjaune.fr\/wp-content\/uploads\/2024\/05\/400x400_sc_vraiment-nature.jpg","width":400,"height":400},{"@type":"BreadcrumbList","@id":"https:\/\/letrainjaune.fr\/es\/descubre-el-train-jaune\/vida-del-tren\/el-tren-amarillo-en-antena\/#breadcrumb","itemListElement":[{"@type":"ListItem","position":1,"name":"Inicio","item":"https:\/\/letrainjaune.fr\/es\/"},{"@type":"ListItem","position":2,"name":"Actualit\u00e9s","item":"https:\/\/letrainjaune.fr\/es\/descubre-el-train-jaune\/vida-del-tren\/"},{"@type":"ListItem","position":3,"name":"\u00a1El Tren Amarillo en antena!"}]},{"@type":"WebSite","@id":"https:\/\/letrainjaune.fr\/es\/#website","url":"https:\/\/letrainjaune.fr\/es\/","name":"Destino Tren amarillo","description":"Dans les Pyr\u00e9n\u00e9es Catalanes, d\u00e9couvrez ce train sur le plus haut chemin de fer d\u2019Europe.","publisher":{"@id":"https:\/\/letrainjaune.fr\/es\/#organization"},"potentialAction":[{"@type":"SearchAction","target":{"@type":"EntryPoint","urlTemplate":"https:\/\/letrainjaune.fr\/es\/?s={search_term_string}"},"query-input":{"@type":"PropertyValueSpecification","valueRequired":true,"valueName":"search_term_string"}}],"inLanguage":"es"},{"@type":"Organization","@id":"https:\/\/letrainjaune.fr\/es\/#organization","name":"Destino Tren amarillo","url":"https:\/\/letrainjaune.fr\/es\/","logo":{"@type":"ImageObject","inLanguage":"es","@id":"https:\/\/letrainjaune.fr\/es\/#\/schema\/logo\/image\/","url":"https:\/\/letrainjaune.fr\/wp-content\/uploads\/2021\/04\/TJ_logo-TJ-footer.svg","contentUrl":"https:\/\/letrainjaune.fr\/wp-content\/uploads\/2021\/04\/TJ_logo-TJ-footer.svg","width":"1920","height":"9999","caption":"Destino Tren amarillo"},"image":{"@id":"https:\/\/letrainjaune.fr\/es\/#\/schema\/logo\/image\/"}}]}},"_links":{"self":[{"href":"https:\/\/letrainjaune.fr\/es\/wp-json\/wp\/v2\/actualite\/14377","targetHints":{"allow":["GET"]}}],"collection":[{"href":"https:\/\/letrainjaune.fr\/es\/wp-json\/wp\/v2\/actualite"}],"about":[{"href":"https:\/\/letrainjaune.fr\/es\/wp-json\/wp\/v2\/types\/actualite"}],"version-history":[{"count":1,"href":"https:\/\/letrainjaune.fr\/es\/wp-json\/wp\/v2\/actualite\/14377\/revisions"}],"predecessor-version":[{"id":14378,"href":"https:\/\/letrainjaune.fr\/es\/wp-json\/wp\/v2\/actualite\/14377\/revisions\/14378"}],"wp:featuredmedia":[{"embeddable":true,"href":"https:\/\/letrainjaune.fr\/es\/wp-json\/wp\/v2\/media\/13978"}],"wp:attachment":[{"href":"https:\/\/letrainjaune.fr\/es\/wp-json\/wp\/v2\/media?parent=14377"}],"wp:term":[{"taxonomy":"actualite_category","embeddable":true,"href":"https:\/\/letrainjaune.fr\/es\/wp-json\/wp\/v2\/actualite_category?post=14377"}],"curies":[{"name":"wp","href":"https:\/\/api.w.org\/{rel}","templated":true}]}}